{"id":1571,"date":"2018-02-25T19:31:32","date_gmt":"2018-02-25T22:31:32","guid":{"rendered":"http:\/\/sinpes.org.br\/site\/?p=1571"},"modified":"2018-02-25T19:32:28","modified_gmt":"2018-02-25T22:32:28","slug":"mesa-redonda-com-a-faculdade-cnec","status":"publish","type":"post","link":"https:\/\/sinpes.org.br\/site\/mesa-redonda-com-a-faculdade-cnec\/","title":{"rendered":"Mesa Redonda com a Faculdade CNEC"},"content":{"rendered":"<p style=\"text-align: justify;\"><a href=\"http:\/\/sinpes.org.br\/site\/wp-content\/uploads\/2018\/02\/Cenec-1.jpg\"><img loading=\"lazy\" decoding=\"async\" class=\"foto alignleft wp-image-1574 size-medium\" src=\"http:\/\/sinpes.org.br\/site\/wp-content\/uploads\/2018\/02\/Cenec-1-300x225.jpg\" alt=\"\" width=\"300\" height=\"225\" srcset=\"https:\/\/sinpes.org.br\/site\/wp-content\/uploads\/2018\/02\/Cenec-1-300x225.jpg 300w, https:\/\/sinpes.org.br\/site\/wp-content\/uploads\/2018\/02\/Cenec-1-768x576.jpg 768w, https:\/\/sinpes.org.br\/site\/wp-content\/uploads\/2018\/02\/Cenec-1-1024x768.jpg 1024w, https:\/\/sinpes.org.br\/site\/wp-content\/uploads\/2018\/02\/Cenec-1.jpg 1280w\" sizes=\"auto, (max-width: 300px) 100vw, 300px\" \/><\/a>A diretoria do Sinpes reuniu-se em mesa redonda com a Faculdade CNEC de Campo Largo na Superintend\u00eancia Regional do Trabalho em 22.02.2018, para solicitar esclarecimentos sobre den\u00fancias recebidas de despedida coletiva de professores. Segundo informa\u00e7\u00f5es recebidas pelo Sinpes, teriam ocorrido rupturas contratuais em massa sem pr\u00e9via negocia\u00e7\u00e3o, bem como o n\u00e3o pagamento das verbas rescis\u00f3rias aos professores demitidos.<\/p>\n<p style=\"text-align: justify;\">Ao ser questionado pela Diretoria do Sinpes sobre os dois pontos acima descritos, o representante da Institui\u00e7\u00e3o, Professor Ricardo Carvalho Rodrigues, esclareceu que n\u00e3o houve despedida coletiva. Explicou que dos 50 professores da IES, apenas tr\u00eas teriam sido dispensados.<\/p>\n<p style=\"text-align: justify;\">Quanto \u00e0s verbas rescis\u00f3rias, confirmou que realmente n\u00e3o foram pagas por falta de numer\u00e1rio dispon\u00edvel. Esclareceu que a empregadora pretende pagar aos docentes demitidos os valores rescis\u00f3rios devidos de forma parcelada com a incid\u00eancia de corre\u00e7\u00e3o monet\u00e1ria e de multas pelo atraso no pagamento das verbas. Al\u00e9m disso, afirmou que as guias para libera\u00e7\u00e3o do FGTS e as guias do Seguro Desemprego j\u00e1 est\u00e3o \u00e0 disposi\u00e7\u00e3o dos professores.<\/p>\n<p style=\"text-align: justify;\">O Sinpes acompanha de perto o problema dos demitidos e permanece \u00e0 disposi\u00e7\u00e3o dos mesmos para assessor\u00e1-los na hip\u00f3tese de terem dificuldades de receber os seus haveres.<\/p>\n<p>&nbsp;<\/p>\n<p style=\"text-align: justify;\"><strong>Diretoria do Sinpes. <\/strong><\/p>\n<p><a class=\"fasc-button fasc-size-medium fasc-type-glossy fasc-rounded-medium fasc-ico-before dashicons-admin-links\" style=\"background-color: #33809e; color: #ffffff;\" target=\"_blank\" href=\"http:\/\/sinpes.org.br\/site\/wp-content\/uploads\/2018\/02\/22.02.2018.Mesa-Redonda-CNEC.pdf\">ATA DE REUNI\u00c3O \u2013 MESA REDONDA CNEC<\/a><\/p>\n<!-- AddThis Advanced Settings generic via filter on the_content --><!-- AddThis Share Buttons generic via filter on the_content -->","protected":false},"excerpt":{"rendered":"<p>A diretoria do Sinpes reuniu-se em mesa redonda com a Faculdade CNEC de Campo Largo na Superintend\u00eancia Regional do Trabalho em 22.02.2018, para solicitar esclarecimentos sobre den\u00fancias recebidas de despedida coletiva de professores. Segundo informa\u00e7\u00f5es recebidas pelo Sinpes, teriam ocorrido rupturas contratuais em massa sem pr\u00e9via negocia\u00e7\u00e3o, bem como o n\u00e3o pagamento das verbas rescis\u00f3rias [&hellip;]<!-- AddThis Advanced Settings generic via filter on wp_trim_excerpt --><!-- AddThis Share Buttons generic via filter on wp_trim_excerpt --><\/p>\n","protected":false},"author":2,"featured_media":0,"comment_status":"closed","ping_status":"open","sticky":false,"template":"","format":"standard","meta":{"footnotes":""},"categories":[5],"tags":[261],"class_list":["post-1571","post","type-post","status-publish","format-standard","hentry","category-sinpes","tag-faculdade-cnec"],"_links":{"self":[{"href":"https:\/\/sinpes.org.br\/site\/wp-json\/wp\/v2\/posts\/1571","targetHints":{"allow":["GET"]}}],"collection":[{"href":"https:\/\/sinpes.org.br\/site\/wp-json\/wp\/v2\/posts"}],"about":[{"href":"https:\/\/sinpes.org.br\/site\/wp-json\/wp\/v2\/types\/post"}],"author":[{"embeddable":true,"href":"https:\/\/sinpes.org.br\/site\/wp-json\/wp\/v2\/users\/2"}],"replies":[{"embeddable":true,"href":"https:\/\/sinpes.org.br\/site\/wp-json\/wp\/v2\/comments?post=1571"}],"version-history":[{"count":2,"href":"https:\/\/sinpes.org.br\/site\/wp-json\/wp\/v2\/posts\/1571\/revisions"}],"predecessor-version":[{"id":1576,"href":"https:\/\/sinpes.org.br\/site\/wp-json\/wp\/v2\/posts\/1571\/revisions\/1576"}],"wp:attachment":[{"href":"https:\/\/sinpes.org.br\/site\/wp-json\/wp\/v2\/media?parent=1571"}],"wp:term":[{"taxonomy":"category","embeddable":true,"href":"https:\/\/sinpes.org.br\/site\/wp-json\/wp\/v2\/categories?post=1571"},{"taxonomy":"post_tag","embeddable":true,"href":"https:\/\/sinpes.org.br\/site\/wp-json\/wp\/v2\/tags?post=1571"}],"curies":[{"name":"wp","href":"https:\/\/api.w.org\/{rel}","templated":true}]}}