{"id":1563,"date":"2018-02-25T19:20:23","date_gmt":"2018-02-25T22:20:23","guid":{"rendered":"http:\/\/sinpes.org.br\/site\/?p=1563"},"modified":"2018-02-25T19:20:23","modified_gmt":"2018-02-25T22:20:23","slug":"sinpes-mobiliza-professores-e-alunos-da-faculdade-santa-cruz","status":"publish","type":"post","link":"https:\/\/sinpes.org.br\/site\/sinpes-mobiliza-professores-e-alunos-da-faculdade-santa-cruz\/","title":{"rendered":"Sinpes Mobiliza Professores e Alunos da Faculdade Santa Cruz"},"content":{"rendered":"<p style=\"text-align: justify;\">O Sinpes prossegue denunciando a conduta execr\u00e1vel dos dirigentes da Faculdade Santa Cruz na medida em que insistem em coagir mais de 50 professores demitidos a assinarem termo de quita\u00e7\u00e3o de seus contratos de trabalho em troca do pagamento de parte das verbas rescis\u00f3rias em 24 vezes.<!--more--><\/p>\n<p style=\"text-align: justify;\"><a href=\"http:\/\/sinpes.org.br\/site\/wp-content\/uploads\/2018\/02\/IMG-20180224-WA0004.jpg\"><img loading=\"lazy\" decoding=\"async\" class=\"foto alignleft wp-image-1565 size-medium\" src=\"http:\/\/sinpes.org.br\/site\/wp-content\/uploads\/2018\/02\/IMG-20180224-WA0004-169x300.jpg\" alt=\"\" width=\"169\" height=\"300\" srcset=\"https:\/\/sinpes.org.br\/site\/wp-content\/uploads\/2018\/02\/IMG-20180224-WA0004-169x300.jpg 169w, https:\/\/sinpes.org.br\/site\/wp-content\/uploads\/2018\/02\/IMG-20180224-WA0004-576x1024.jpg 576w, https:\/\/sinpes.org.br\/site\/wp-content\/uploads\/2018\/02\/IMG-20180224-WA0004.jpg 585w\" sizes=\"auto, (max-width: 169px) 100vw, 169px\" \/><\/a>Esses fatos e uma s\u00e9rie de quest\u00f5es que evidenciam lament\u00e1vel precariza\u00e7\u00e3o do ensino no \u00e2mbito daquela institui\u00e7\u00e3o de ensino superior foram ventiladas em manifesta\u00e7\u00e3o realizada pelo Sinpes no dia 21.02.2018 entre 18h30min e 19h00min na frente da sede da Faculdade Santa Cruz, com a utiliza\u00e7\u00e3o de caminh\u00e3o de som.<\/p>\n<p style=\"text-align: justify;\"><a href=\"http:\/\/sinpes.org.br\/site\/wp-content\/uploads\/2018\/02\/IMG-20180224-WA0006.jpg\"><img loading=\"lazy\" decoding=\"async\" class=\"foto alignright wp-image-1564 size-medium\" src=\"http:\/\/sinpes.org.br\/site\/wp-content\/uploads\/2018\/02\/IMG-20180224-WA0006-169x300.jpg\" alt=\"\" width=\"169\" height=\"300\" srcset=\"https:\/\/sinpes.org.br\/site\/wp-content\/uploads\/2018\/02\/IMG-20180224-WA0006-169x300.jpg 169w, https:\/\/sinpes.org.br\/site\/wp-content\/uploads\/2018\/02\/IMG-20180224-WA0006-576x1024.jpg 576w, https:\/\/sinpes.org.br\/site\/wp-content\/uploads\/2018\/02\/IMG-20180224-WA0006.jpg 585w\" sizes=\"auto, (max-width: 169px) 100vw, 169px\" \/><\/a>Aspectos obscuros da negociata que v\u00e3o desde a inser\u00e7\u00e3o de cl\u00e1usula de sigilo (sob pena de multa de R$ 10.000,00 mais pagamento de perdas e danos) at\u00e9 a quita\u00e7\u00e3o total dos extensos direitos trabalhistas de todos os professores em troca de nada, foram denunciados em alto e bom tom pelos dirigentes sindicais presentes ao ato.<\/p>\n<p style=\"text-align: justify;\">O Sinpes chegou a encaminhar, juntamente com os professores demitidos, uma contraproposta plaus\u00edvel \u00e0 Institui\u00e7\u00e3o antes que fosse dado in\u00edcio \u00e0s medidas dr\u00e1sticas que se desencadearam com a utiliza\u00e7\u00e3o do caminh\u00e3o de som do sindicato. Depois de mais de duas semanas fazendo crer que participaria das negocia\u00e7\u00f5es, em 08.02.2018, o advogado da Santa Cruz noticiou a inten\u00e7\u00e3o de colocar fim \u00e0s tratativas enfurecendo os professores e os dirigentes sindicais.<\/p>\n<p style=\"text-align: justify;\">O Sindicato acompanha de perto a evolu\u00e7\u00e3o da s\u00e9rie de ilegalidades que est\u00e3o sendo perpetradas. Al\u00e9m de encaminhar a todas as Varas do Trabalho de Curitiba um relato pormenorizado das irregularidades com o objetivo de evitar a homologa\u00e7\u00e3o dos arremedos de acordos, ainda est\u00e1 preparando representa\u00e7\u00f5es disciplinares contra os advogados que se prestarem a protagonizar as falcatruas.<\/p>\n<p>&nbsp;<\/p>\n<p style=\"text-align: justify;\"><strong>Diretoria do Sinpes. <a href=\"http:\/\/sinpes.org.br\/site\/wp-content\/uploads\/2018\/02\/IMG-20180224-WA0003.jpg\"><img loading=\"lazy\" decoding=\"async\" class=\"foto wp-image-1566 size-medium aligncenter\" src=\"http:\/\/sinpes.org.br\/site\/wp-content\/uploads\/2018\/02\/IMG-20180224-WA0003-169x300.jpg\" alt=\"\" width=\"169\" height=\"300\" srcset=\"https:\/\/sinpes.org.br\/site\/wp-content\/uploads\/2018\/02\/IMG-20180224-WA0003-169x300.jpg 169w, https:\/\/sinpes.org.br\/site\/wp-content\/uploads\/2018\/02\/IMG-20180224-WA0003-576x1024.jpg 576w, https:\/\/sinpes.org.br\/site\/wp-content\/uploads\/2018\/02\/IMG-20180224-WA0003.jpg 585w\" sizes=\"auto, (max-width: 169px) 100vw, 169px\" \/><\/a><\/strong><\/p>\n<!-- AddThis Advanced Settings generic via filter on the_content --><!-- AddThis Share Buttons generic via filter on the_content -->","protected":false},"excerpt":{"rendered":"<p>O Sinpes prossegue denunciando a conduta execr\u00e1vel dos dirigentes da Faculdade Santa Cruz na medida em que insistem em coagir mais de 50 professores demitidos a assinarem termo de quita\u00e7\u00e3o de seus contratos de trabalho em troca do pagamento de parte das verbas rescis\u00f3rias em 24 vezes.<!-- AddThis Advanced Settings generic via filter on wp_trim_excerpt --><!-- AddThis Share Buttons generic via filter on wp_trim_excerpt --><\/p>\n","protected":false},"author":2,"featured_media":1566,"comment_status":"closed","ping_status":"open","sticky":false,"template":"","format":"standard","meta":{"footnotes":""},"categories":[13,235],"tags":[236],"class_list":["post-1563","post","type-post","status-publish","format-standard","has-post-thumbnail","hentry","category-home","category-santa-cruz","tag-faculdade-santa-cruz"],"_links":{"self":[{"href":"https:\/\/sinpes.org.br\/site\/wp-json\/wp\/v2\/posts\/1563","targetHints":{"allow":["GET"]}}],"collection":[{"href":"https:\/\/sinpes.org.br\/site\/wp-json\/wp\/v2\/posts"}],"about":[{"href":"https:\/\/sinpes.org.br\/site\/wp-json\/wp\/v2\/types\/post"}],"author":[{"embeddable":true,"href":"https:\/\/sinpes.org.br\/site\/wp-json\/wp\/v2\/users\/2"}],"replies":[{"embeddable":true,"href":"https:\/\/sinpes.org.br\/site\/wp-json\/wp\/v2\/comments?post=1563"}],"version-history":[{"count":1,"href":"https:\/\/sinpes.org.br\/site\/wp-json\/wp\/v2\/posts\/1563\/revisions"}],"predecessor-version":[{"id":1567,"href":"https:\/\/sinpes.org.br\/site\/wp-json\/wp\/v2\/posts\/1563\/revisions\/1567"}],"wp:featuredmedia":[{"embeddable":true,"href":"https:\/\/sinpes.org.br\/site\/wp-json\/wp\/v2\/media\/1566"}],"wp:attachment":[{"href":"https:\/\/sinpes.org.br\/site\/wp-json\/wp\/v2\/media?parent=1563"}],"wp:term":[{"taxonomy":"category","embeddable":true,"href":"https:\/\/sinpes.org.br\/site\/wp-json\/wp\/v2\/categories?post=1563"},{"taxonomy":"post_tag","embeddable":true,"href":"https:\/\/sinpes.org.br\/site\/wp-json\/wp\/v2\/tags?post=1563"}],"curies":[{"name":"wp","href":"https:\/\/api.w.org\/{rel}","templated":true}]}}