{"id":1552,"date":"2018-02-08T19:38:39","date_gmt":"2018-02-08T21:38:39","guid":{"rendered":"http:\/\/sinpes.org.br\/site\/?p=1552"},"modified":"2018-02-08T19:38:39","modified_gmt":"2018-02-08T21:38:39","slug":"frustradas-as-negociacoes-entre-sinpes-e-santa-cruz","status":"publish","type":"post","link":"https:\/\/sinpes.org.br\/site\/frustradas-as-negociacoes-entre-sinpes-e-santa-cruz\/","title":{"rendered":"Frustradas as Negocia\u00e7\u00f5es entre Sinpes e Santa Cruz"},"content":{"rendered":"<p style=\"text-align: justify;\">Durou menos de cinco minutos a reuni\u00e3o realizada entre dirigentes do Sinpes e o advogado das Faculdades Santa Cruz, Eloy Conrado Bettega, nesta quinta-feira, dia 08\/02\/2018.<!--more--><\/p>\n<p style=\"text-align: justify;\">A postura conciliat\u00f3ria adotada pela Faculdade Santa Cruz quando do recebimento de expediente encaminhado pelo Sinpes em 17 de janeiro de 2018, e em reuni\u00e3o realizada na Superintend\u00eancia Regional do Trabalho no dia 30\/01\/2018, n\u00e3o passou de um lament\u00e1vel embuste engendrado por essa Institui\u00e7\u00e3o de Ensino Superior com o objetivo de ganhar tempo e prosseguir realizando na calada da noite esp\u00farios \u201ctermos de autocomposi\u00e7\u00e3o\u201d empurrados goela abaixo dos professores demitidos.<\/p>\n<p style=\"text-align: justify;\">Ao inv\u00e9s de apresentar uma contraproposta para negocia\u00e7\u00e3o do pagamento das verbas rescis\u00f3rias como se comprometera, o advogado da Santa Cruz informou que os professores continuar\u00e3o sendo instados a \u201caceitarem\u201d a quita\u00e7\u00e3o total do contrato de trabalho entre as partes, em \u201ctroca\u201d do pagamento parcelado das verbas rescis\u00f3rias com \u201ccl\u00e1usula de sigilo\u201d e homologa\u00e7\u00e3o perante a Justi\u00e7a do Trabalho.<\/p>\n<p style=\"text-align: justify;\">O porta-voz do empregador no grupo de WhatsApp dos professores demitidos encaminhou mensagem aos prejudicados induzindo-os a sopesar as \u201calternativas\u201d existentes: \u201crecusar o acordo, fechar as portas e pagar 30% de honor\u00e1rios para um advogado particular\u201d; ou \u201caceitar o acordo como \u00fanica alternativa poss\u00edvel nesse momento e manter as portas entreabertas\u201d.<\/p>\n<p style=\"text-align: justify;\">Den\u00fancias encaminhadas ao Sinpes informam que professores receberam a promessa de recontrata\u00e7\u00e3o com sal\u00e1rios mais baixos e que advogados inescrupulosos indicados pelo empregador para submeterem a trama \u00e0 homologa\u00e7\u00e3o da Justi\u00e7a do Trabalho cobrar\u00e3o R$ 600,00 de cada professor prejudicado.<\/p>\n<p style=\"text-align: justify;\">O Sinpes encaminhar\u00e1 of\u00edcio a todas as Varas Trabalhistas alertando os magistrados do trabalho acerca dos graves v\u00edcios que maculam a negociata, interpor\u00e1 recursos e a\u00e7\u00f5es rescis\u00f3rias (se necess\u00e1rio) contra os acordos que porventura sejam homologados e, ainda, protocolar\u00e1 representa\u00e7\u00e3o disciplinar contra os advogados que se dispuserem ao papel de coveiros dos direitos dos trabalhadores, perante a Ordem dos Advogados do Brasil.<\/p>\n<!-- AddThis Advanced Settings generic via filter on the_content --><!-- AddThis Share Buttons generic via filter on the_content -->","protected":false},"excerpt":{"rendered":"<p>Durou menos de cinco minutos a reuni\u00e3o realizada entre dirigentes do Sinpes e o advogado das Faculdades Santa Cruz, Eloy Conrado Bettega, nesta quinta-feira, dia 08\/02\/2018.<!-- AddThis Advanced Settings generic via filter on wp_trim_excerpt --><!-- AddThis Share Buttons generic via filter on wp_trim_excerpt --><\/p>\n","protected":false},"author":2,"featured_media":1501,"comment_status":"closed","ping_status":"open","sticky":false,"template":"","format":"standard","meta":{"footnotes":""},"categories":[13,235],"tags":[242],"class_list":["post-1552","post","type-post","status-publish","format-standard","has-post-thumbnail","hentry","category-home","category-santa-cruz","tag-santa-cruz"],"_links":{"self":[{"href":"https:\/\/sinpes.org.br\/site\/wp-json\/wp\/v2\/posts\/1552","targetHints":{"allow":["GET"]}}],"collection":[{"href":"https:\/\/sinpes.org.br\/site\/wp-json\/wp\/v2\/posts"}],"about":[{"href":"https:\/\/sinpes.org.br\/site\/wp-json\/wp\/v2\/types\/post"}],"author":[{"embeddable":true,"href":"https:\/\/sinpes.org.br\/site\/wp-json\/wp\/v2\/users\/2"}],"replies":[{"embeddable":true,"href":"https:\/\/sinpes.org.br\/site\/wp-json\/wp\/v2\/comments?post=1552"}],"version-history":[{"count":1,"href":"https:\/\/sinpes.org.br\/site\/wp-json\/wp\/v2\/posts\/1552\/revisions"}],"predecessor-version":[{"id":1553,"href":"https:\/\/sinpes.org.br\/site\/wp-json\/wp\/v2\/posts\/1552\/revisions\/1553"}],"wp:featuredmedia":[{"embeddable":true,"href":"https:\/\/sinpes.org.br\/site\/wp-json\/wp\/v2\/media\/1501"}],"wp:attachment":[{"href":"https:\/\/sinpes.org.br\/site\/wp-json\/wp\/v2\/media?parent=1552"}],"wp:term":[{"taxonomy":"category","embeddable":true,"href":"https:\/\/sinpes.org.br\/site\/wp-json\/wp\/v2\/categories?post=1552"},{"taxonomy":"post_tag","embeddable":true,"href":"https:\/\/sinpes.org.br\/site\/wp-json\/wp\/v2\/tags?post=1552"}],"curies":[{"name":"wp","href":"https:\/\/api.w.org\/{rel}","templated":true}]}}