{"id":1531,"date":"2018-01-31T13:27:38","date_gmt":"2018-01-31T15:27:38","guid":{"rendered":"http:\/\/sinpes.org.br\/site\/?p=1531"},"modified":"2018-01-31T13:27:38","modified_gmt":"2018-01-31T15:27:38","slug":"cenec-nao-comparece-a-mesa-redonda","status":"publish","type":"post","link":"https:\/\/sinpes.org.br\/site\/cenec-nao-comparece-a-mesa-redonda\/","title":{"rendered":"CENEC N\u00e3o Comparece \u00e0 Mesa Redonda"},"content":{"rendered":"<p style=\"text-align: justify;\">O Sinpes convocou a Faculdade Cenecista, de Campo Largo, para Mesa Redonda perante a Superintend\u00eancia Regional do Trabalho no dia 30\/01\/2018, a fim de tratar sobre o n\u00e3o pagamento das verbas rescis\u00f3rias aos professores demitidos no final do ano de 2017.<\/p>\n<p style=\"text-align: justify;\"><a href=\"http:\/\/sinpes.org.br\/site\/wp-content\/uploads\/2018\/01\/IMG-20180131-WA0006-e1517412309467.jpg\"><img loading=\"lazy\" decoding=\"async\" class=\"foto alignleft wp-image-1534 size-medium\" src=\"http:\/\/sinpes.org.br\/site\/wp-content\/uploads\/2018\/01\/IMG-20180131-WA0006-300x225.jpg\" alt=\"\" width=\"300\" height=\"225\"><\/a>A Institui\u00e7\u00e3o foi notificada sobre a data da reuni\u00e3o no dia 23\/01\/2018, por\u00e9m, o diretor Ricardo Carvalho Rodrigues recusou-se a receber o convite, afirmando que n\u00e3o poderia comparecer em tal data e iria solicitar perante o TEM, o adiamento da reuni\u00e3o.<\/p>\n<p style=\"text-align: justify;\">Tal pedido foi feito por e-mail encaminhado \u00e0 Superintend\u00eancia Regional do Trabalho afirmando que na data inicialmente designada, o diretor da Institui\u00e7\u00e3o estaria em viagem, s\u00f3 podendo comparecer \u00e0 reuni\u00e3o em data posterior ao dia 19\/02\/2018.<\/p>\n<p style=\"text-align: justify;\">O Sinpes concordou com o agendamento da Mesa Redonda para o dia 22\/02\/2018, \u00e0s 10h30min.<\/p>\n<p style=\"text-align: justify;\"><a href=\"http:\/\/sinpes.org.br\/site\/wp-content\/uploads\/2018\/01\/IMG-20180131-WA0007.jpg\"><img loading=\"lazy\" decoding=\"async\" class=\"foto wp-image-1533 size-medium alignright\" src=\"http:\/\/sinpes.org.br\/site\/wp-content\/uploads\/2018\/01\/IMG-20180131-WA0007-300x225.jpg\" alt=\"\" width=\"300\" height=\"225\"><\/a>O coordenador do curso j\u00e1 foi informado sobre a data da reuni\u00e3o por telefone e o Sinpes encaminhar\u00e1 c\u00f3pia da ata de reuni\u00e3o para a IES, a fim de que os representantes da Institui\u00e7\u00e3o compare\u00e7am.<\/p>\n<p style=\"text-align: justify;\">O Sinpes interpretar\u00e1 nova tentativa de protela\u00e7\u00e3o do evento como ato de rep\u00fadio ao di\u00e1logo proposto. Nessa hip\u00f3tese tomar\u00e1 as provid\u00eancias judiciais que se fazem cab\u00edveis em defesa do interesse dos professores.<\/p>\n<p style=\"text-align: justify;\"><strong>Diretoria do Sinpes.<\/strong><\/p>\n<p>&nbsp;<\/p>\n<p><a class=\"fasc-button fasc-size-medium fasc-type-glossy fasc-rounded-medium fasc-ico-before dashicons-admin-links\" style=\"background-color: #33809e; color: #ffffff;\" target=\"_blank\" href=\"http:\/\/sinpes.org.br\/site\/wp-content\/uploads\/2018\/01\/30.01.2018.Mesa-Redonda-Cnec.pdf\">ATA MESA REDONDA CENEC<\/a><\/p>\n<!-- AddThis Advanced Settings generic via filter on the_content --><!-- AddThis Share Buttons generic via filter on the_content -->","protected":false},"excerpt":{"rendered":"<p>O Sinpes convocou a Faculdade Cenecista, de Campo Largo, para Mesa Redonda perante a Superintend\u00eancia Regional do Trabalho no dia 30\/01\/2018, a fim de tratar sobre o n\u00e3o pagamento das verbas rescis\u00f3rias aos professores demitidos no final do ano de 2017. A Institui\u00e7\u00e3o foi notificada sobre a data da reuni\u00e3o no dia 23\/01\/2018, por\u00e9m, o [&hellip;]<!-- AddThis Advanced Settings generic via filter on wp_trim_excerpt --><!-- AddThis Share Buttons generic via filter on wp_trim_excerpt --><\/p>\n","protected":false},"author":2,"featured_media":0,"comment_status":"closed","ping_status":"open","sticky":false,"template":"","format":"standard","meta":{"footnotes":""},"categories":[5],"tags":[255,256],"class_list":["post-1531","post","type-post","status-publish","format-standard","hentry","category-sinpes","tag-cenec","tag-faculdade-cenecista"],"_links":{"self":[{"href":"https:\/\/sinpes.org.br\/site\/wp-json\/wp\/v2\/posts\/1531","targetHints":{"allow":["GET"]}}],"collection":[{"href":"https:\/\/sinpes.org.br\/site\/wp-json\/wp\/v2\/posts"}],"about":[{"href":"https:\/\/sinpes.org.br\/site\/wp-json\/wp\/v2\/types\/post"}],"author":[{"embeddable":true,"href":"https:\/\/sinpes.org.br\/site\/wp-json\/wp\/v2\/users\/2"}],"replies":[{"embeddable":true,"href":"https:\/\/sinpes.org.br\/site\/wp-json\/wp\/v2\/comments?post=1531"}],"version-history":[{"count":1,"href":"https:\/\/sinpes.org.br\/site\/wp-json\/wp\/v2\/posts\/1531\/revisions"}],"predecessor-version":[{"id":1535,"href":"https:\/\/sinpes.org.br\/site\/wp-json\/wp\/v2\/posts\/1531\/revisions\/1535"}],"wp:attachment":[{"href":"https:\/\/sinpes.org.br\/site\/wp-json\/wp\/v2\/media?parent=1531"}],"wp:term":[{"taxonomy":"category","embeddable":true,"href":"https:\/\/sinpes.org.br\/site\/wp-json\/wp\/v2\/categories?post=1531"},{"taxonomy":"post_tag","embeddable":true,"href":"https:\/\/sinpes.org.br\/site\/wp-json\/wp\/v2\/tags?post=1531"}],"curies":[{"name":"wp","href":"https:\/\/api.w.org\/{rel}","templated":true}]}}