{"id":1523,"date":"2018-01-31T13:21:03","date_gmt":"2018-01-31T15:21:03","guid":{"rendered":"http:\/\/sinpes.org.br\/site\/?p=1523"},"modified":"2018-01-31T13:21:03","modified_gmt":"2018-01-31T15:21:03","slug":"mesa-redonda-com-a-faculdade-santa-cruz-2","status":"publish","type":"post","link":"https:\/\/sinpes.org.br\/site\/mesa-redonda-com-a-faculdade-santa-cruz-2\/","title":{"rendered":"Mesa Redonda com a Faculdade Santa Cruz"},"content":{"rendered":"<p style=\"text-align: justify;\">A Diretoria do Sinpes, juntamente com mais quatro professores interessados, reuniram-se em mesa redonda na Superintend\u00eancia Regional do Trabalho no dia 30\/01\/2018, com representante da Faculdade Santa Cruz. Em pauta estava a discuss\u00e3o da proposta formulada pelos professores em assembleia geral, encaminhada ao Diretor da IES no dia 17 de janeiro de 2018, para regulariza\u00e7\u00e3o das pend\u00eancias.<!--more--><\/p>\n<p style=\"text-align: justify;\"><a href=\"http:\/\/sinpes.org.br\/site\/wp-content\/uploads\/2018\/01\/IMG-20180131-WA0008-e1517411715538.jpg\"><img loading=\"lazy\" decoding=\"async\" class=\"foto alignleft wp-image-1526 size-medium\" src=\"http:\/\/sinpes.org.br\/site\/wp-content\/uploads\/2018\/01\/IMG-20180131-WA0008-300x225.jpg\" alt=\"\" width=\"300\" height=\"225\"><\/a>O representante da empregadora informou que est\u00e1 sendo realizado um cuidadoso levantamento para a apresenta\u00e7\u00e3o de contraproposta palat\u00e1vel ao Sindicato. Esclareceu que at\u00e9 o dia 02\/02\/2018 pretende encaminhar ao Sinpes esse documento para viabilizar o prosseguimento das tratativas.<\/p>\n<p style=\"text-align: justify;\">A diretoria do Sinpes e os professores presentes ponderaram que a negocia\u00e7\u00e3o coletiva deve ter como objetivo exclusivamente o pagamento das verbas rescis\u00f3rias, n\u00e3o podendo, de forma alguma, ser utilizada para quita\u00e7\u00e3o integral do contrato de trabalho. Eventuais diferen\u00e7as que os professores entenderem devidas fora do \u00e2mbito das verbas rescis\u00f3rias dever\u00e3o ser objeto de tratativas distintas, preferencialmente no bojo de a\u00e7\u00e3o trabalhista destinada especialmente para esse fim. O Sinpes alerta que aqueles advogados que porventura patrocinarem acordos prejudiciais aos trabalhadores ser\u00e3o denunciados perante a OAB e perante a Justi\u00e7a do Trabalho.<\/p>\n<p style=\"text-align: justify;\"><a href=\"http:\/\/sinpes.org.br\/site\/wp-content\/uploads\/2018\/01\/IMG-20180131-WA0009-e1517411730696.jpg\"><img loading=\"lazy\" decoding=\"async\" class=\"foto alignright wp-image-1525 size-medium\" src=\"http:\/\/sinpes.org.br\/site\/wp-content\/uploads\/2018\/01\/IMG-20180131-WA0009-300x225.jpg\" alt=\"\" width=\"300\" height=\"225\"><\/a>Ficou pr\u00e9-agendada uma reuni\u00e3o entre a Diretoria do Sinpes, os professores interessados que estiveram na mesa redonda e os representantes da Institui\u00e7\u00e3o, para dar prosseguimento \u00e0s negocia\u00e7\u00f5es para o dia 02\/02\/2018 (sexta-feira), \u00e0s 11h00min, na Rua Marechal Deodoro, 869.<\/p>\n<p style=\"text-align: justify;\">Leia abaixo a c\u00f3pia integral da ata da reuni\u00e3o realizada.<\/p>\n<p style=\"text-align: justify;\"><strong>Diretoria do Sinpes.<\/strong><\/p>\n<p>&nbsp;<\/p>\n<p><a class=\"fasc-button fasc-size-medium fasc-type-glossy fasc-rounded-medium fasc-ico-before dashicons-admin-links\" style=\"background-color: #33809e; color: #ffffff;\" target=\"_blank\" href=\"http:\/\/sinpes.org.br\/site\/wp-content\/uploads\/2018\/01\/30.01.2018.Ata-MR-Unipec-Santa-Cruz.pdf\">ATA DA MESA REDONDA UNIPEC \u2013 SANTA CRUZ<\/a><\/p>\n<!-- AddThis Advanced Settings generic via filter on the_content --><!-- AddThis Share Buttons generic via filter on the_content -->","protected":false},"excerpt":{"rendered":"<p>A Diretoria do Sinpes, juntamente com mais quatro professores interessados, reuniram-se em mesa redonda na Superintend\u00eancia Regional do Trabalho no dia 30\/01\/2018, com representante da Faculdade Santa Cruz. Em pauta estava a discuss\u00e3o da proposta formulada pelos professores em assembleia geral, encaminhada ao Diretor da IES no dia 17 de janeiro de 2018, para regulariza\u00e7\u00e3o [&hellip;]<!-- AddThis Advanced Settings generic via filter on wp_trim_excerpt --><!-- AddThis Share Buttons generic via filter on wp_trim_excerpt --><\/p>\n","protected":false},"author":2,"featured_media":1526,"comment_status":"closed","ping_status":"open","sticky":false,"template":"","format":"standard","meta":{"footnotes":""},"categories":[13,235],"tags":[236,126],"class_list":["post-1523","post","type-post","status-publish","format-standard","has-post-thumbnail","hentry","category-home","category-santa-cruz","tag-faculdade-santa-cruz","tag-mesa-redonda"],"_links":{"self":[{"href":"https:\/\/sinpes.org.br\/site\/wp-json\/wp\/v2\/posts\/1523","targetHints":{"allow":["GET"]}}],"collection":[{"href":"https:\/\/sinpes.org.br\/site\/wp-json\/wp\/v2\/posts"}],"about":[{"href":"https:\/\/sinpes.org.br\/site\/wp-json\/wp\/v2\/types\/post"}],"author":[{"embeddable":true,"href":"https:\/\/sinpes.org.br\/site\/wp-json\/wp\/v2\/users\/2"}],"replies":[{"embeddable":true,"href":"https:\/\/sinpes.org.br\/site\/wp-json\/wp\/v2\/comments?post=1523"}],"version-history":[{"count":4,"href":"https:\/\/sinpes.org.br\/site\/wp-json\/wp\/v2\/posts\/1523\/revisions"}],"predecessor-version":[{"id":1530,"href":"https:\/\/sinpes.org.br\/site\/wp-json\/wp\/v2\/posts\/1523\/revisions\/1530"}],"wp:featuredmedia":[{"embeddable":true,"href":"https:\/\/sinpes.org.br\/site\/wp-json\/wp\/v2\/media\/1526"}],"wp:attachment":[{"href":"https:\/\/sinpes.org.br\/site\/wp-json\/wp\/v2\/media?parent=1523"}],"wp:term":[{"taxonomy":"category","embeddable":true,"href":"https:\/\/sinpes.org.br\/site\/wp-json\/wp\/v2\/categories?post=1523"},{"taxonomy":"post_tag","embeddable":true,"href":"https:\/\/sinpes.org.br\/site\/wp-json\/wp\/v2\/tags?post=1523"}],"curies":[{"name":"wp","href":"https:\/\/api.w.org\/{rel}","templated":true}]}}