{"id":1513,"date":"2018-01-18T23:34:23","date_gmt":"2018-01-19T01:34:23","guid":{"rendered":"http:\/\/sinpes.org.br\/site\/?p=1513"},"modified":"2018-01-18T23:37:48","modified_gmt":"2018-01-19T01:37:48","slug":"sinpes-encaminha-oficio-ao-diretor-da-faculdade-santa-cruz","status":"publish","type":"post","link":"https:\/\/sinpes.org.br\/site\/sinpes-encaminha-oficio-ao-diretor-da-faculdade-santa-cruz\/","title":{"rendered":"Sinpes Encaminha Of\u00edcio ao Diretor da Faculdade Santa Cruz"},"content":{"rendered":"<p style=\"text-align: justify;\">O Sinpes encaminhou of\u00edcio ao Diretor da Faculdade Santa Cruz, Henrique Natal da Silveira, nesta quarta feira, 17, com o resultado da reuni\u00e3o realizada com os professores demitidos pela Institui\u00e7\u00e3o Ensino, que dispensou mais de 50 professores sem pr\u00e9via negocia\u00e7\u00e3o coletiva ao final do ano passado.<\/p>\n<p style=\"text-align: justify;\">No documento, o sindicato apresenta uma contraproposta ao \u201cacordo\u201d oferecido aos docentes.<\/p>\n<p style=\"text-align: justify;\">Tanto os professores demitidos quanto o Sinpes s\u00e3o sens\u00edveis \u00e0s dif\u00edceis condi\u00e7\u00f5es financeiras enfrentadas pela Santa Cruz e est\u00e3o dispostos a negociar uma sa\u00edda condigna para o imbr\u00f3glio que preserve o funcionamento da Institui\u00e7\u00e3o de Ensino, bem como os direitos dos trabalhadores demitidos (conforme compromisso assumido pela pr\u00f3pria Santa Cruz em nota oficial veiculada pouco antes do Natal).<\/p>\n<p style=\"text-align: justify;\">O diretor da Institui\u00e7\u00e3o foi receptivo e dever\u00e1 analisar junto com os demais respons\u00e1veis, a contraproposta encaminhada.<\/p>\n<p style=\"text-align: justify;\">O Sinpes aguarda agendamento da mesa redonda perante a Superintend\u00eancia Regional do Trabalho para dar continuidade \u00e0s negocia\u00e7\u00f5es e alerta que, independente da assinatura de qualquer acordo, os professores interessados dever\u00e3o dirigir-se \u00e0s Faculdades Santa Cruz para receber a documenta\u00e7\u00e3o necess\u00e1ria para o levantamento do FGTS e do Seguro-Desemprego (aqueles que tiverem esse direito).<\/p>\n<p style=\"text-align: justify;\">Antes de entregar c\u00f3pia do termo de rescis\u00e3o para a Caixa Econ\u00f4mica, dever\u00e3o escrever em cada uma das c\u00f3pias do documento a seguinte ressalva: RESSALVO QUE OS VALORES QUE CONSTAM DESSE DOCUMENTO N\u00c3O FORAM EFETIVAMENTE RECEBIDOS, N\u00c3O SERVINDO O MESMO COMO INSTRUMENTO DE QUITA\u00c7\u00c3O.<\/p>\n<p style=\"text-align: justify;\">O Sinpes n\u00e3o poupar\u00e1 esfor\u00e7os para garantir o cumprimento do acordo de quita\u00e7\u00e3o integral do contrato de trabalho perante a Justi\u00e7a do Trabalho, lutando pelos direitos de cada professor &nbsp;dispensado pela Santa Cruz.<\/p>\n<p><a class=\"fasc-button fasc-size-medium fasc-type-glossy fasc-rounded-medium fasc-ico-before dashicons-admin-links\" style=\"background-color: #33809e; color: #ffffff;\" target=\"_blank\" href=\"http:\/\/sinpes.org.br\/site\/wp-content\/uploads\/2018\/01\/Oficio-Encaminhado-a-Faculdade-Santa-Cruz.pdf\">OF\u00cdCIO ENCAMINHADO \u00c0 FACULDADE SANTA CRUZ<\/a><\/p>\n<p>&nbsp;<\/p>\n<!-- AddThis Advanced Settings generic via filter on the_content --><!-- AddThis Share Buttons generic via filter on the_content -->","protected":false},"excerpt":{"rendered":"<p>O Sinpes encaminhou of\u00edcio ao Diretor da Faculdade Santa Cruz, Henrique Natal da Silveira, nesta quarta feira, 17, com o resultado da reuni\u00e3o realizada com os professores demitidos pela Institui\u00e7\u00e3o Ensino, que dispensou mais de 50 professores sem pr\u00e9via negocia\u00e7\u00e3o coletiva ao final do ano passado. No documento, o sindicato apresenta uma contraproposta ao \u201cacordo\u201d [&hellip;]<!-- AddThis Advanced Settings generic via filter on wp_trim_excerpt --><!-- AddThis Share Buttons generic via filter on wp_trim_excerpt --><\/p>\n","protected":false},"author":2,"featured_media":0,"comment_status":"closed","ping_status":"open","sticky":false,"template":"","format":"standard","meta":{"footnotes":""},"categories":[235],"tags":[254,236,253],"class_list":["post-1513","post","type-post","status-publish","format-standard","hentry","category-santa-cruz","tag-diretor","tag-faculdade-santa-cruz","tag-oficio"],"_links":{"self":[{"href":"https:\/\/sinpes.org.br\/site\/wp-json\/wp\/v2\/posts\/1513","targetHints":{"allow":["GET"]}}],"collection":[{"href":"https:\/\/sinpes.org.br\/site\/wp-json\/wp\/v2\/posts"}],"about":[{"href":"https:\/\/sinpes.org.br\/site\/wp-json\/wp\/v2\/types\/post"}],"author":[{"embeddable":true,"href":"https:\/\/sinpes.org.br\/site\/wp-json\/wp\/v2\/users\/2"}],"replies":[{"embeddable":true,"href":"https:\/\/sinpes.org.br\/site\/wp-json\/wp\/v2\/comments?post=1513"}],"version-history":[{"count":3,"href":"https:\/\/sinpes.org.br\/site\/wp-json\/wp\/v2\/posts\/1513\/revisions"}],"predecessor-version":[{"id":1517,"href":"https:\/\/sinpes.org.br\/site\/wp-json\/wp\/v2\/posts\/1513\/revisions\/1517"}],"wp:attachment":[{"href":"https:\/\/sinpes.org.br\/site\/wp-json\/wp\/v2\/media?parent=1513"}],"wp:term":[{"taxonomy":"category","embeddable":true,"href":"https:\/\/sinpes.org.br\/site\/wp-json\/wp\/v2\/categories?post=1513"},{"taxonomy":"post_tag","embeddable":true,"href":"https:\/\/sinpes.org.br\/site\/wp-json\/wp\/v2\/tags?post=1513"}],"curies":[{"name":"wp","href":"https:\/\/api.w.org\/{rel}","templated":true}]}}