{"id":1496,"date":"2018-01-13T01:31:45","date_gmt":"2018-01-13T03:31:45","guid":{"rendered":"http:\/\/sinpes.org.br\/site\/?p=1496"},"modified":"2018-01-16T20:42:27","modified_gmt":"2018-01-16T22:42:27","slug":"sinpes-participa-de-audiencia-no-ministerio-publico-do-trabalho-sobre-a-faculdade-santa-cruz","status":"publish","type":"post","link":"https:\/\/sinpes.org.br\/site\/sinpes-participa-de-audiencia-no-ministerio-publico-do-trabalho-sobre-a-faculdade-santa-cruz\/","title":{"rendered":"Sinpes Participa de Audi\u00eancia no Minist\u00e9rio P\u00fablico do Trabalho Sobre a Faculdade Santa Cruz"},"content":{"rendered":"<p style=\"text-align: justify;\">O Sindicato dos Professores de Ensino Superior protocolou den\u00fancia no Minist\u00e9rio P\u00fablico do Trabalho em face das seguintes pr\u00e1ticas ilegais realizadas pela Faculdade Santa Cruz: despedida coletiva de mais de 50 professores sem pr\u00e9via negocia\u00e7\u00e3o coletiva, <!--more-->dirigidas aos professores mais idosos da Institui\u00e7\u00e3o e parcelamento indecoroso das verbas rescis\u00f3rias.<\/p>\n<p style=\"text-align: justify;\"><a href=\"http:\/\/sinpes.org.br\/site\/wp-content\/uploads\/2018\/01\/IMG-20180112-WA0012-e1515813815293.jpg\"><img loading=\"lazy\" decoding=\"async\" class=\"foto alignleft wp-image-1498 size-medium\" src=\"http:\/\/sinpes.org.br\/site\/wp-content\/uploads\/2018\/01\/IMG-20180112-WA0012-300x142.jpg\" alt=\"\" width=\"300\" height=\"142\"><\/a>O Sinpes solicitou ao MPT a abertura de inqu\u00e9rito civil p\u00fablico para apura\u00e7\u00e3o das irregularidades, bem como medidas judiciais buscando a invalidade das demiss\u00f5es.<\/p>\n<p style=\"text-align: justify;\">Com o objetivo de inteirar-se melhor dos fatos a Dra. Fl\u00e1via Vanessa Maia Nogueira, Procuradora do Trabalho respons\u00e1vel pela mat\u00e9ria, convocou os representantes do sindicato para audi\u00eancia que se realizou \u00e0s 15h00min de 12.01.2017.<\/p>\n<p style=\"text-align: justify;\">Os dirigentes do Sinpes esclareceram que a situa\u00e7\u00e3o \u00e9 ainda mais grave do que a retratada na den\u00fancia. Os diversos professores demitidos ao final do ano de 2017 sem pr\u00e9via negocia\u00e7\u00e3o coletiva est\u00e3o sendo coagidos a assinar um indecoroso acordo para que possam ter acesso a parte dos dep\u00f3sitos do FGTS que lhe s\u00e3o devidos.<\/p>\n<p style=\"text-align: justify;\"><a href=\"http:\/\/sinpes.org.br\/site\/wp-content\/uploads\/2018\/01\/IMG-20180112-WA0013-e1515813846582.jpg\"><img loading=\"lazy\" decoding=\"async\" class=\"foto alignright wp-image-1497 size-medium\" src=\"http:\/\/sinpes.org.br\/site\/wp-content\/uploads\/2018\/01\/IMG-20180112-WA0013-300x184.jpg\" alt=\"\" width=\"300\" height=\"184\"><\/a>Os inescrupulosos dirigentes da Santa Cruz n\u00e3o concedem aos professores qualquer espa\u00e7o para negocia\u00e7\u00e3o. Atrav\u00e9s desse documento os docentes s\u00e3o for\u00e7ados a se \u201ccomprometerem\u201d a manter sigilo sobre a negociata (sob pena de multa de R$ 10.000,00 mais pagamento de perdas e danos), renunciam ao direito de receber suas verbas rescis\u00f3rias no prazo legal de 10 dias, \u00e0 multa de uma remunera\u00e7\u00e3o pelo pagamento em atraso e ainda parcelam os valores reconhecidos como devidos pelo empregador em 24 vezes.<\/p>\n<p style=\"text-align: justify;\">\u201cComprometem-se\u201d ainda a contratar advogado de conduta \u00e9tica duvidosa que se preste a acompanh\u00e1-los perante a Justi\u00e7a do Trabalho para que o \u201cacordo\u201d seja homologado e com isso a Santa Cruz seja eximida do pagamento do grande passivo trabalhista que acumula por d\u00e9cadas (nem os dep\u00f3sitos do FGTS v\u00eam sendo recolhidos corretamente).<\/p>\n<p style=\"text-align: justify;\">Em que pese o Sinpes tenha convic\u00e7\u00e3o de que a Justi\u00e7a do Trabalho n\u00e3o h\u00e1 de homologar acordo t\u00e3o descarado, por cautela, orienta os professores a n\u00e3o o assinarem e comparecerem \u00e0 reuni\u00e3o que ser\u00e1 realizada na sede do Sinpes no dia 16 de janeiro de 2018, na Rua Marechal Deodoro 869, 6\u00ba. Andar, \u00e0s 17h00min. Nessa oportunidade a partir de an\u00e1lise mais completa das graves irregularidades o Sinpes, em conjunto com os interessados e em conson\u00e2ncia com a atua\u00e7\u00e3o do Minist\u00e9rio P\u00fablico do Trabalho, deliberar\u00e1 sobre a ado\u00e7\u00e3o das medidas judiciais e extrajudiciais que julgar pertinentes.<\/p>\n<p style=\"text-align: justify;\"><strong>Diretoria do Sinpes.<\/strong><\/p>\n<p><a class=\"fasc-button fasc-size-medium fasc-type-glossy fasc-rounded-medium fasc-ico-before dashicons-admin-links\" style=\"background-color: #33809e; color: #ffffff;\" target=\"_blank\" href=\"http:\/\/sinpes.org.br\/site\/wp-content\/uploads\/2018\/01\/Ata-de-Audiencia-Santa-Cruz-Assinada.pdf\">ATA DE AUDI\u00caNCIA DO MINIST\u00c9RIO P\u00daBLICO DO TRABALHO<\/a><\/p>\n<!-- AddThis Advanced Settings generic via filter on the_content --><!-- AddThis Share Buttons generic via filter on the_content -->","protected":false},"excerpt":{"rendered":"<p>O Sindicato dos Professores de Ensino Superior protocolou den\u00fancia no Minist\u00e9rio P\u00fablico do Trabalho em face das seguintes pr\u00e1ticas ilegais realizadas pela Faculdade Santa Cruz: despedida coletiva de mais de 50 professores sem pr\u00e9via negocia\u00e7\u00e3o coletiva,<!-- AddThis Advanced Settings generic via filter on wp_trim_excerpt --><!-- AddThis Share Buttons generic via filter on wp_trim_excerpt --><\/p>\n","protected":false},"author":2,"featured_media":1501,"comment_status":"closed","ping_status":"open","sticky":false,"template":"","format":"standard","meta":{"footnotes":""},"categories":[13,235],"tags":[74,236,250],"class_list":["post-1496","post","type-post","status-publish","format-standard","has-post-thumbnail","hentry","category-home","category-santa-cruz","tag-audiencia","tag-faculdade-santa-cruz","tag-ministerio-publico-do-trabalho"],"_links":{"self":[{"href":"https:\/\/sinpes.org.br\/site\/wp-json\/wp\/v2\/posts\/1496","targetHints":{"allow":["GET"]}}],"collection":[{"href":"https:\/\/sinpes.org.br\/site\/wp-json\/wp\/v2\/posts"}],"about":[{"href":"https:\/\/sinpes.org.br\/site\/wp-json\/wp\/v2\/types\/post"}],"author":[{"embeddable":true,"href":"https:\/\/sinpes.org.br\/site\/wp-json\/wp\/v2\/users\/2"}],"replies":[{"embeddable":true,"href":"https:\/\/sinpes.org.br\/site\/wp-json\/wp\/v2\/comments?post=1496"}],"version-history":[{"count":3,"href":"https:\/\/sinpes.org.br\/site\/wp-json\/wp\/v2\/posts\/1496\/revisions"}],"predecessor-version":[{"id":1506,"href":"https:\/\/sinpes.org.br\/site\/wp-json\/wp\/v2\/posts\/1496\/revisions\/1506"}],"wp:featuredmedia":[{"embeddable":true,"href":"https:\/\/sinpes.org.br\/site\/wp-json\/wp\/v2\/media\/1501"}],"wp:attachment":[{"href":"https:\/\/sinpes.org.br\/site\/wp-json\/wp\/v2\/media?parent=1496"}],"wp:term":[{"taxonomy":"category","embeddable":true,"href":"https:\/\/sinpes.org.br\/site\/wp-json\/wp\/v2\/categories?post=1496"},{"taxonomy":"post_tag","embeddable":true,"href":"https:\/\/sinpes.org.br\/site\/wp-json\/wp\/v2\/tags?post=1496"}],"curies":[{"name":"wp","href":"https:\/\/api.w.org\/{rel}","templated":true}]}}