{"id":1470,"date":"2017-12-19T00:03:51","date_gmt":"2017-12-19T02:03:51","guid":{"rendered":"http:\/\/sinpes.org.br\/site\/?p=1470"},"modified":"2017-12-19T13:12:41","modified_gmt":"2017-12-19T15:12:41","slug":"diretoria-do-sinpes-reune-se-com-professores-demitidos-pela-estacio","status":"publish","type":"post","link":"https:\/\/sinpes.org.br\/site\/diretoria-do-sinpes-reune-se-com-professores-demitidos-pela-estacio\/","title":{"rendered":"Diretoria do Sinpes Re\u00fane-se com Professores Demitidos pela Est\u00e1cio"},"content":{"rendered":"<p style=\"text-align: justify;\">Com o objetivo de colher informa\u00e7\u00f5es e orientar os professores que foram despedidos coletivamente na Est\u00e1cio de S\u00e1, na base territorial do Sinpes, dirigentes do sindicato reuniram-se com professores que foram v\u00edtimas de demiss\u00e3o coletiva promovida por esse grupo educacional.<\/p>\n<p style=\"text-align: justify;\"><a href=\"http:\/\/sinpes.org.br\/site\/wp-content\/uploads\/2017\/12\/Estacio-e1513695893118.jpg\"><img loading=\"lazy\" decoding=\"async\" class=\"foto alignleft wp-image-1477 size-medium\" src=\"http:\/\/sinpes.org.br\/site\/wp-content\/uploads\/2017\/12\/Estacio-300x169.jpg\" alt=\"\" width=\"300\" height=\"169\" \/><\/a>Informados do teor da Decis\u00e3o Liminar proferida pela Ju\u00edza Tallita Massuci Toledo Foresti, da 21\u00aa Vara do Trabalho do Rio de Janeiro, que tornou sem efeito as demiss\u00f5es passadas e futuras pelo prazo de 30 dias, esses professores confirmaram que, tamb\u00e9m no Paran\u00e1, encontra-se presente o mesmo conte\u00fado discriminat\u00f3rio na demiss\u00e3o coletiva perpetrada. Al\u00e9m de n\u00e3o ter havido qualquer negocia\u00e7\u00e3o pr\u00e9via com a entidade sindical, foram alvos das demiss\u00f5es justamente os professores mais idosos.<\/p>\n<p style=\"text-align: justify;\">No contato com alguns dos professores arbitrariamente demitidos, foi confirmada a presun\u00e7\u00e3o dos dirigentes do Sinpes, no sentido de que nem todos os docentes afastados pretendem o retorno imediato ao quadro de professores da Est\u00e1cio, dado o clima organizacional que se instaurou com a degola coletiva.<\/p>\n<p style=\"text-align: justify;\">A m\u00e9dio prazo, entretanto, praticamente a integralidade dos professores contatados manifestou a inten\u00e7\u00e3o de serem reintegrados. Diante desse quadro confirma-se a orienta\u00e7\u00e3o prestada pelo Sinpes a fim de que todos os professores que desejarem retornar a m\u00e9dio prazo para a Est\u00e1cio, ou pelo menos, receberem indeniza\u00e7\u00e3o adicional em face da despedida abusiva direcionada contra os professores mais velhos e sem pr\u00e9via negocia\u00e7\u00e3o com a entidade sindical representativa dos professores, para que pleiteiem a nulidade da despedida e a reintegra\u00e7\u00e3o no emprego ou indeniza\u00e7\u00e3o substitutiva em a\u00e7\u00f5es individuais.<\/p>\n<p style=\"text-align: justify;\">Com o rein\u00edcio do expediente forense na Justi\u00e7a, do Trabalho no dia no dia 08 de janeiro de 2018, o Sinpes estar\u00e1 \u00e0 disposi\u00e7\u00e3o dos professores interessados para orientar os procedimentos necess\u00e1rios para o ajuizamento de a\u00e7\u00f5es individuais, bem como buscar\u00e1 sua integra\u00e7\u00e3o nos autos que tramitam no Rio de Janeiro como assistente litisconsorcial dos professores que foram demitidos no Estado do Paran\u00e1.<\/p>\n<p style=\"text-align: justify;\">Informa\u00e7\u00f5es e esclarecimentos urgentes sobre as medidas que ser\u00e3o adotadas e sobre a situa\u00e7\u00e3o dos professores em face da liminar obtida pelo Minist\u00e9rio P\u00fablico do Rio de Janeiro podem ser prestadas no telefone celular (41) 99512-2323, pela Assistente Jur\u00eddica do Sinpes.<\/p>\n<!-- AddThis Advanced Settings generic via filter on the_content --><!-- AddThis Share Buttons generic via filter on the_content -->","protected":false},"excerpt":{"rendered":"<p>Com o objetivo de colher informa\u00e7\u00f5es e orientar os professores que foram despedidos coletivamente na Est\u00e1cio de S\u00e1, na base territorial do Sinpes, dirigentes do sindicato reuniram-se com professores que foram v\u00edtimas de demiss\u00e3o coletiva promovida por esse grupo educacional. Informados do teor da Decis\u00e3o Liminar proferida pela Ju\u00edza Tallita Massuci Toledo Foresti, da 21\u00aa [&hellip;]<!-- AddThis Advanced Settings generic via filter on wp_trim_excerpt --><!-- AddThis Share Buttons generic via filter on wp_trim_excerpt --><\/p>\n","protected":false},"author":2,"featured_media":0,"comment_status":"closed","ping_status":"open","sticky":false,"template":"","format":"standard","meta":{"footnotes":""},"categories":[237],"tags":[238,129],"class_list":["post-1470","post","type-post","status-publish","format-standard","hentry","category-estacio","tag-estacio","tag-professores-demitidos"],"_links":{"self":[{"href":"https:\/\/sinpes.org.br\/site\/wp-json\/wp\/v2\/posts\/1470","targetHints":{"allow":["GET"]}}],"collection":[{"href":"https:\/\/sinpes.org.br\/site\/wp-json\/wp\/v2\/posts"}],"about":[{"href":"https:\/\/sinpes.org.br\/site\/wp-json\/wp\/v2\/types\/post"}],"author":[{"embeddable":true,"href":"https:\/\/sinpes.org.br\/site\/wp-json\/wp\/v2\/users\/2"}],"replies":[{"embeddable":true,"href":"https:\/\/sinpes.org.br\/site\/wp-json\/wp\/v2\/comments?post=1470"}],"version-history":[{"count":3,"href":"https:\/\/sinpes.org.br\/site\/wp-json\/wp\/v2\/posts\/1470\/revisions"}],"predecessor-version":[{"id":1479,"href":"https:\/\/sinpes.org.br\/site\/wp-json\/wp\/v2\/posts\/1470\/revisions\/1479"}],"wp:attachment":[{"href":"https:\/\/sinpes.org.br\/site\/wp-json\/wp\/v2\/media?parent=1470"}],"wp:term":[{"taxonomy":"category","embeddable":true,"href":"https:\/\/sinpes.org.br\/site\/wp-json\/wp\/v2\/categories?post=1470"},{"taxonomy":"post_tag","embeddable":true,"href":"https:\/\/sinpes.org.br\/site\/wp-json\/wp\/v2\/tags?post=1470"}],"curies":[{"name":"wp","href":"https:\/\/api.w.org\/{rel}","templated":true}]}}