{"id":1457,"date":"2017-12-15T19:28:35","date_gmt":"2017-12-15T21:28:35","guid":{"rendered":"http:\/\/sinpes.org.br\/site\/?p=1457"},"modified":"2017-12-15T19:57:43","modified_gmt":"2017-12-15T21:57:43","slug":"decisao-suspende-demissoes-dos-professores-das-faculdades-estacio-por-30-dias","status":"publish","type":"post","link":"https:\/\/sinpes.org.br\/site\/decisao-suspende-demissoes-dos-professores-das-faculdades-estacio-por-30-dias\/","title":{"rendered":"Decis\u00e3o Suspende Demiss\u00f5es dos Professores das Faculdades Est\u00e1cio por 30 Dias"},"content":{"rendered":"<p style=\"text-align: justify;\">Suspensas as demiss\u00f5es da Est\u00e1cio por 30 dias em todo pa\u00eds, prazo para que o Minist\u00e9rio P\u00fablico do Trabalho conclua inqu\u00e9rito voltado para apurar poss\u00edvel natureza abusiva das demiss\u00f5es, voltadas especificamente para professores mais idosos. A consequ\u00eancia da abusividade \u00e9 a nulidade da despedida e o retorno dos docentes!<\/p>\n<p><a class=\"fasc-button fasc-size-medium fasc-type-glossy fasc-rounded-medium fasc-ico-before dashicons-admin-links\" style=\"background-color: #33809e; color: #ffffff;\" target=\"_blank\" rel=\"noopener\" href=\"http:\/\/sinpes.org.br\/site\/wp-content\/uploads\/2017\/12\/liminar-estacio.pdf\">Liminar Est\u00e1cio<\/a><\/p>\n<!-- AddThis Advanced Settings generic via filter on the_content --><!-- AddThis Share Buttons generic via filter on the_content -->","protected":false},"excerpt":{"rendered":"<p>Suspensas as demiss\u00f5es da Est\u00e1cio por 30 dias em todo pa\u00eds, prazo para que o Minist\u00e9rio P\u00fablico do Trabalho conclua inqu\u00e9rito voltado para apurar poss\u00edvel natureza abusiva das demiss\u00f5es, voltadas especificamente para professores mais idosos. A consequ\u00eancia da abusividade \u00e9 a nulidade da despedida e o retorno dos docentes! Liminar Est\u00e1cio<!-- AddThis Advanced Settings generic via filter on wp_trim_excerpt --><!-- AddThis Share Buttons generic via filter on wp_trim_excerpt --><\/p>\n","protected":false},"author":2,"featured_media":1465,"comment_status":"closed","ping_status":"open","sticky":false,"template":"","format":"standard","meta":{"footnotes":""},"categories":[237,13],"tags":[241],"class_list":["post-1457","post","type-post","status-publish","format-standard","has-post-thumbnail","hentry","category-estacio","category-home","tag-faculdade-estacio"],"_links":{"self":[{"href":"https:\/\/sinpes.org.br\/site\/wp-json\/wp\/v2\/posts\/1457","targetHints":{"allow":["GET"]}}],"collection":[{"href":"https:\/\/sinpes.org.br\/site\/wp-json\/wp\/v2\/posts"}],"about":[{"href":"https:\/\/sinpes.org.br\/site\/wp-json\/wp\/v2\/types\/post"}],"author":[{"embeddable":true,"href":"https:\/\/sinpes.org.br\/site\/wp-json\/wp\/v2\/users\/2"}],"replies":[{"embeddable":true,"href":"https:\/\/sinpes.org.br\/site\/wp-json\/wp\/v2\/comments?post=1457"}],"version-history":[{"count":2,"href":"https:\/\/sinpes.org.br\/site\/wp-json\/wp\/v2\/posts\/1457\/revisions"}],"predecessor-version":[{"id":1461,"href":"https:\/\/sinpes.org.br\/site\/wp-json\/wp\/v2\/posts\/1457\/revisions\/1461"}],"wp:featuredmedia":[{"embeddable":true,"href":"https:\/\/sinpes.org.br\/site\/wp-json\/wp\/v2\/media\/1465"}],"wp:attachment":[{"href":"https:\/\/sinpes.org.br\/site\/wp-json\/wp\/v2\/media?parent=1457"}],"wp:term":[{"taxonomy":"category","embeddable":true,"href":"https:\/\/sinpes.org.br\/site\/wp-json\/wp\/v2\/categories?post=1457"},{"taxonomy":"post_tag","embeddable":true,"href":"https:\/\/sinpes.org.br\/site\/wp-json\/wp\/v2\/tags?post=1457"}],"curies":[{"name":"wp","href":"https:\/\/api.w.org\/{rel}","templated":true}]}}