{"id":1452,"date":"2017-12-11T15:40:28","date_gmt":"2017-12-11T17:40:28","guid":{"rendered":"http:\/\/sinpes.org.br\/site\/?p=1452"},"modified":"2017-12-11T15:41:23","modified_gmt":"2017-12-11T17:41:23","slug":"mensagens-de-dois-professores-demitidos-pela-estacio-de-sa","status":"publish","type":"post","link":"https:\/\/sinpes.org.br\/site\/mensagens-de-dois-professores-demitidos-pela-estacio-de-sa\/","title":{"rendered":"Mensagens de Dois Professores Demitidos pela Est\u00e1cio de S\u00e1"},"content":{"rendered":"<p style=\"text-align: justify;\">Confira a manifesta\u00e7\u00e3o de dois professores demitidos pela Est\u00e1cio de S\u00e1 que manifestam sua decep\u00e7\u00e3o com a IE depois das demiss\u00f5es em massa:<\/p>\n<h2 style=\"text-align: justify;\">1\u00aa MENSAGEM<\/h2>\n<p style=\"text-align: justify;\"><strong>\u201cMuita gente me mandando a tal decis\u00e3o que suspende as demiss\u00f5es na Est\u00e1cio.<\/strong><\/p>\n<p style=\"text-align: justify;\"><strong>\u00a0<\/strong><\/p>\n<p style=\"text-align: justify;\"><strong>\u00c9 uma boa not\u00edcia, n\u00e3o \u00e9?<\/strong><\/p>\n<p style=\"text-align: justify;\"><strong>\u00a0<\/strong><\/p>\n<p style=\"text-align: justify;\"><strong>N\u00e3o sei.<\/strong><\/p>\n<p style=\"text-align: justify;\"><strong>\u00a0<\/strong><\/p>\n<p style=\"text-align: justify;\"><strong>H\u00e1 muito tempo estava dif\u00edcil entrar em sala. Viv\u00edamos um clima de constantes amea\u00e7as, cobran\u00e7as absurdas, incoer\u00eancias. Os pr\u00f3prios coordenadores perdidos e tentando proteger os professores das arbitrariedades de quem s\u00f3 pensa em dinheiro e nem sabe o que \u00e9 uma sala de aula.<\/strong><\/p>\n<p style=\"text-align: justify;\"><strong>\u00a0<\/strong><\/p>\n<p style=\"text-align: justify;\"><strong>Coordena\u00e7\u00e3o de curso \u00e9 uma coisa. Os coordenadores s\u00e3o professores (Bira, Ronaldo). Gest\u00e3o do campus \u00e9 outra. O problema est\u00e1 a\u00ed. A parte administrativa\/financeira \u00e9 que toma todas as decis\u00f5es.<\/strong><\/p>\n<p style=\"text-align: justify;\"><strong>\u00a0<\/strong><\/p>\n<p style=\"text-align: justify;\"><strong>No final deixei de fazer tudo o que n\u00e3o fosse remunerado. Bancas, TCC, etc. Acredito muito em reciprocidade. Amor tem que ser correspondido. A Est\u00e1cio estava tratando a gente como n\u00famero.<\/strong><\/p>\n<p style=\"text-align: justify;\"><strong>\u00a0<\/strong><\/p>\n<p style=\"text-align: justify;\"><strong>N\u00e3o entendam mal. Fui muito feliz l\u00e1. Foram 20 anos. Durante muito tempo fui muito feliz. Igual a certos casamentos: amei e fui amada mas o amor acabou e eu ainda me apegava \u00e0 nostalgia. Ficava pensando: isso vai passar, vamos voltar a ser o que \u00e9ramos. Quase um relacionamento abusivo. Eu apanhava todo dia, ouvia que n\u00e3o prestava todo dia, que ningu\u00e9m mais ia me querer. E n\u00e3o ia embora.<\/strong><\/p>\n<p style=\"text-align: justify;\"><strong>\u00a0<\/strong><\/p>\n<p style=\"text-align: justify;\"><strong>Semestre passado vivi uma situa\u00e7\u00e3o emblem\u00e1tica. Estava aplicando prova. Sempre fui de carteira em carteira entregar a lista de presen\u00e7a. Uma aluna n\u00e3o era da turma. Perguntei se tinha autoriza\u00e7\u00e3o para fazer prova. N\u00e3o tinha, n\u00e3o faz prova. \u00c9 a regra. Saiu.<\/strong><\/p>\n<p style=\"text-align: justify;\"><strong>\u00a0<\/strong><\/p>\n<p style=\"text-align: justify;\"><strong>Passados alguns minutos a porta da sala foi aberta com estardalha\u00e7o. Durante a prova. Adentram dois indiv\u00edduos da coordena\u00e7\u00e3o para me repreender na frente da turma. Foram \u00e0 minha mesa. Um pegou da minha m\u00e3o a lista de frequ\u00eancia. E eu estava apenas cumprindo as regras da pr\u00f3pria faculdade! Fiquei t\u00e3o chocada com aquilo! Sou professora, n\u00e3o se faz isso com um professor na frente da turma!<\/strong><\/p>\n<p style=\"text-align: justify;\"><strong>\u00a0<\/strong><\/p>\n<p style=\"text-align: justify;\"><strong>Outro caso, esse um pouco anterior. Turma pequena. Ar condicionado gelado. Deliberamos por desligar. Um aluno foi contra. Saiu de sala. Depois a coordenadora veio falar comigo que o aluno tinha ido ao gestor (que deveria ter no m\u00e1ximo uns 30 anos e n\u00e3o era professor) para reclamar. O gestor disse \u00e0 minha coordenadora &#8220;se a professora \u00e9 problem\u00e1tica, zera a carga hor\u00e1ria dela.&#8221; Assim, sem ouvir ningu\u00e9m e por causa do ar-condicionado.<\/strong><\/p>\n<p style=\"text-align: justify;\"><strong>\u00a0<\/strong><\/p>\n<p style=\"text-align: justify;\"><strong>Outro caso, tamb\u00e9m de semestres passados. Eu estava af\u00f4nica. Precisava de microfone. O campus s\u00f3 tem um. A ent\u00e3o gestora disse, LITERALMENTE: est\u00e1 com problema de voz, professora? Pede demiss\u00e3o.<\/strong><\/p>\n<p style=\"text-align: justify;\"><strong>\u00a0<\/strong><\/p>\n<p style=\"text-align: justify;\"><strong>Anteontem cheguei \u00e0 faculdade para aplicar prova. Minha prova n\u00e3o estava no balc\u00e3o onde deveria estar. N\u00e3o sabia que seria demitida, reclamei. O funcion\u00e1rio achou minha prova, me entregou e eu subi. Durante a prova recebi uma mensagem no Whatsapp de uma professora competent\u00edssima que estava sendo demitida naquele momento. Comecei a chorar na frente da turma. Logo as mensagens eram muitas. Todos os meus amigos, praticamente, sendo desligados. Bira veio \u00e0 minha sala e genuinamente n\u00e3o sabia se eu ficaria ou n\u00e3o. Demos um abra\u00e7o. Ele tamb\u00e9m estava muito emocionado.<\/strong><\/p>\n<p style=\"text-align: justify;\"><strong>\u00a0<\/strong><\/p>\n<p style=\"text-align: justify;\"><strong>Os coordenadores de Direito sequer foram consultados. Sequer foram comunicados.<\/strong><\/p>\n<p style=\"text-align: justify;\"><strong>\u00a0<\/strong><\/p>\n<p style=\"text-align: justify;\"><strong>Ao final da prova fui \u00e0 sala dos professores e perguntei. Eu teria prova \u00e0 tarde. Seria demitida ou n\u00e3o? Eram 9:30h da manh\u00e3. Me fizeram esperar at\u00e9 as 13:50h.<\/strong><\/p>\n<p style=\"text-align: justify;\"><strong>\u00a0<\/strong><\/p>\n<p style=\"text-align: justify;\"><strong>Na hora da demiss\u00e3o o gestor disse: o campus continua aberto para a senhora, se a senhora estiver por aqui, precisar beber uma \u00e1gua&#8230;<\/strong><\/p>\n<p style=\"text-align: justify;\"><strong>\u00a0<\/strong><\/p>\n<p style=\"text-align: justify;\"><strong>E esse foi o fim melanc\u00f3lico de uma rela\u00e7\u00e3o de 20 anos.<\/strong><\/p>\n<p style=\"text-align: justify;\"><strong>\u00a0<\/strong><\/p>\n<p style=\"text-align: justify;\"><strong>Quem fica vai ter que dar aula de Civil em 2 tempos. Todo o Civil. Todo o Penal. Dois tempos! Para turmas cada vez maiores. Nesse clima. Ser\u00e1 que eu quero isso para a minha vida?<\/strong><\/p>\n<p style=\"text-align: justify;\"><strong>\u00a0<\/strong><\/p>\n<p style=\"text-align: justify;\"><strong>Eu gostaria que tudo voltasse a ser como era antes. Mas a decis\u00e3o judicial n\u00e3o tem poderes m\u00e1gicos.\u201d<\/strong><\/p>\n<p style=\"text-align: justify;\"><strong>\u00a0<\/strong><\/p>\n<p style=\"text-align: justify;\"><strong>\u00a0<\/strong><\/p>\n<h2 style=\"text-align: justify;\">2\u00aa MENSAGEM<\/h2>\n<p style=\"text-align: justify;\"><strong>Por um Professor demitido pela Est\u00e1cio: <\/strong><\/p>\n<p style=\"text-align: justify;\"><strong>\u00a0<\/strong><\/p>\n<p style=\"text-align: justify;\"><strong>\u201cA minhas alunas e alunos.<\/strong><\/p>\n<p style=\"text-align: justify;\"><strong>\u00a0<\/strong><\/p>\n<p style=\"text-align: justify;\"><strong>Ontem eu e mais de 60 colegas professores, m\u00e3es e pais de fam\u00edlia, mestres e doutores, educadores, recebemos de s\u00fabito, como um sombrio presente de Natal, o desafio de procurarmos novos empregos.<\/strong><\/p>\n<p style=\"text-align: justify;\"><strong>\u00a0<\/strong><\/p>\n<p style=\"text-align: justify;\"><strong>Em um pa\u00eds recentenente arruinado por um grande acordo nacional, com o Supremo, com tudo &#8211; pacto nefasto tramado pelas nossas mais gananciosas elites pol\u00edticas e corporativas contra a gente trabalhadora brasileira que o fez ser agora celeiro de milh\u00f5es e milh\u00f5es de desempregados e novos famintos &#8211; perder um emprego torna a n\u00f3s, dezenas de professoras e professores demitidos em massa, apenas mais alguns dessa gigante multid\u00e3o de golpeados.<\/strong><\/p>\n<p style=\"text-align: justify;\"><strong>\u00a0<\/strong><\/p>\n<p style=\"text-align: justify;\"><strong>Estamos n\u00f3s neste momento pagando o pato que um dia foi inflado nas ruas por aqueles que agora se calam. Fizeram coreografia tamb\u00e9m. Agora somos n\u00f3s trabalhadores que dan\u00e7amos. Uma situa\u00e7\u00e3o lament\u00e1vel, de certo. Entretanto, o que mais me machuca, e que quero compartilhar com voc\u00eas, n\u00e3o \u00e9 exatamente isso.<\/strong><\/p>\n<p style=\"text-align: justify;\"><strong>\u00a0<\/strong><\/p>\n<p style=\"text-align: justify;\"><strong>O que mais me d\u00f3i neste momento, a mim e, acredito, a qualquer professor por voca\u00e7\u00e3o, \u00e9 o abrupto afastamento de cada um de minhas alunas e alunos, ali\u00e1s, feito antes mesmo de sequer estar terminado o semestre.<\/strong><\/p>\n<p style=\"text-align: justify;\"><strong>\u00a0<\/strong><\/p>\n<p style=\"text-align: justify;\"><strong>Um ferreiro ou carpinteiro lidam como objetos de ferro ou madeira que produziram. Alunos, por\u00e9m, n\u00e3o s\u00e3o coisas. N\u00e3o s\u00e3o produtos que eventualmente podem ser comercializados faltando pe\u00e7as, como em um sald\u00e3o de black friday. A educa\u00e7\u00e3o possui uma caracter\u00edstica profundamente distinta.<\/strong><\/p>\n<p style=\"text-align: justify;\"><strong>\u00a0<\/strong><\/p>\n<p style=\"text-align: justify;\"><strong>Educadores n\u00e3o &#8220;lidam profissionalmente&#8221; com alunos-matr\u00edcula, mas sim se &#8220;inter-relacionam&#8221; n\u00e3o apenas profissionalmente, mas, antes, &#8220;humanamente&#8221; com pessoas. Sujeitos com os quais se constroem la\u00e7os e v\u00ednculos interpessoais &#8211; em especial v\u00ednculos de confian\u00e7a &#8211; , que s\u00e3o pedra de fundamento da doc\u00eancia.<\/strong><\/p>\n<p style=\"text-align: justify;\"><strong>\u00a0<\/strong><\/p>\n<p style=\"text-align: justify;\"><strong>Por isso, \u00e9 realmente doloroso para uma educador ser afastado abruptamente desses a quem nos dedicamos desde seus primeiros passos no conhecimento acad\u00eamico, e de quem recebemos confian\u00e7a cognitiva e emocional. N\u00e3o estou a lamentar aqui pela rotina da sala, ou ainda menos pela carteira de trabalho, contra-cheque ou coisas que tais. <\/strong><\/p>\n<p style=\"text-align: justify;\"><strong>\u00a0<\/strong><\/p>\n<p style=\"text-align: justify;\"><strong>O que faz minhas l\u00e1grimas correrem hoje \u00e9 principalmente n\u00e3o poder sequer ter podido dizer pessoalmente um at\u00e9 breve a voc\u00eas minhas alunas e alunos e orientandxs desses nove bons e enriquecedores anos e desse semestre que ficou partido pelo caminho.<\/strong><\/p>\n<p style=\"text-align: justify;\"><strong>\u00a0<\/strong><\/p>\n<p style=\"text-align: justify;\"><strong>Todxs voc\u00eas, saibam que n\u00e3o nos encontraremos mais pelos corredores ou salas da faculdade. Mas eu \u00e9 que me encontrarei em cada um de voc\u00eas no dia em que conquistarem seus canudos e alcan\u00e7arem seus sonhos, no dia em que vencerem na vida por meio do conhecimento que os distinguiu como cidad\u00e3s e cidad\u00e3os e os projetou para o sucesso profissional que voc\u00eas, batalhadores, tanto merecem!<\/strong><\/p>\n<p style=\"text-align: justify;\"><strong>\u00a0<\/strong><\/p>\n<p style=\"text-align: justify;\"><strong>Nesse dia, eu e com certeza todas as muitas dezenas de professores agora demitidos em bloco, voltaremos a ter l\u00e1grimas nos olhos. Mas ser\u00e3o de alegria, pela certeza do dever cumprido.<\/strong><\/p>\n<p style=\"text-align: justify;\"><strong>\u00a0<\/strong><\/p>\n<p style=\"text-align: justify;\"><strong>At\u00e9 breve.\u201d<\/strong><\/p>\n<!-- AddThis Advanced Settings generic via filter on the_content --><!-- AddThis Share Buttons generic via filter on the_content -->","protected":false},"excerpt":{"rendered":"<p>Confira a manifesta\u00e7\u00e3o de dois professores demitidos pela Est\u00e1cio de S\u00e1 que manifestam sua decep\u00e7\u00e3o com a IE depois das demiss\u00f5es em massa: 1\u00aa MENSAGEM \u201cMuita gente me mandando a tal decis\u00e3o que suspende as demiss\u00f5es na Est\u00e1cio. \u00a0 \u00c9 uma boa not\u00edcia, n\u00e3o \u00e9? \u00a0 N\u00e3o sei. \u00a0 H\u00e1 muito tempo estava dif\u00edcil entrar [&hellip;]<!-- AddThis Advanced Settings generic via filter on wp_trim_excerpt --><!-- AddThis Share Buttons generic via filter on wp_trim_excerpt --><\/p>\n","protected":false},"author":2,"featured_media":0,"comment_status":"closed","ping_status":"open","sticky":false,"template":"","format":"standard","meta":{"footnotes":""},"categories":[237],"tags":[239,240],"class_list":["post-1452","post","type-post","status-publish","format-standard","hentry","category-estacio","tag-estacio-de-sa","tag-mensagens-professores-demitidos"],"_links":{"self":[{"href":"https:\/\/sinpes.org.br\/site\/wp-json\/wp\/v2\/posts\/1452","targetHints":{"allow":["GET"]}}],"collection":[{"href":"https:\/\/sinpes.org.br\/site\/wp-json\/wp\/v2\/posts"}],"about":[{"href":"https:\/\/sinpes.org.br\/site\/wp-json\/wp\/v2\/types\/post"}],"author":[{"embeddable":true,"href":"https:\/\/sinpes.org.br\/site\/wp-json\/wp\/v2\/users\/2"}],"replies":[{"embeddable":true,"href":"https:\/\/sinpes.org.br\/site\/wp-json\/wp\/v2\/comments?post=1452"}],"version-history":[{"count":2,"href":"https:\/\/sinpes.org.br\/site\/wp-json\/wp\/v2\/posts\/1452\/revisions"}],"predecessor-version":[{"id":1454,"href":"https:\/\/sinpes.org.br\/site\/wp-json\/wp\/v2\/posts\/1452\/revisions\/1454"}],"wp:attachment":[{"href":"https:\/\/sinpes.org.br\/site\/wp-json\/wp\/v2\/media?parent=1452"}],"wp:term":[{"taxonomy":"category","embeddable":true,"href":"https:\/\/sinpes.org.br\/site\/wp-json\/wp\/v2\/categories?post=1452"},{"taxonomy":"post_tag","embeddable":true,"href":"https:\/\/sinpes.org.br\/site\/wp-json\/wp\/v2\/tags?post=1452"}],"curies":[{"name":"wp","href":"https:\/\/api.w.org\/{rel}","templated":true}]}}