{"id":1450,"date":"2017-12-09T19:24:27","date_gmt":"2017-12-09T21:24:27","guid":{"rendered":"http:\/\/sinpes.org.br\/site\/?p=1450"},"modified":"2017-12-09T19:24:27","modified_gmt":"2017-12-09T21:24:27","slug":"irregularidades-persistem-na-facel-2","status":"publish","type":"post","link":"https:\/\/sinpes.org.br\/site\/irregularidades-persistem-na-facel-2\/","title":{"rendered":"Irregularidades Persistem na Facel"},"content":{"rendered":"<p style=\"text-align: justify;\">Como \u00e9 de conhecimento de todos os interessados, o Sinpes realizou acordo com a FACEL em 07\/07\/2017 para colocar fim \u00e0 greve dos professores e para garantir o pagamento dos sal\u00e1rios at\u00e9 o dia 10\/07\/2017, com os valores que foram e que ser\u00e3o arrecadados pelo FIES.<\/p>\n<p style=\"text-align: justify;\">At\u00e9 o momento j\u00e1 ocorreram tr\u00eas libera\u00e7\u00f5es para o pagamento parcial dos sal\u00e1rios de 2015 e de 2016 e integral dos sal\u00e1rios reconhecidos como devidos pela empregadora entre de janeiro e 10 de julho de 2017.<\/p>\n<p style=\"text-align: justify;\">A pr\u00f3xima libera\u00e7\u00e3o prev\u00ea o valor de R$ 56.000,00 na pr\u00f3xima semana para continua\u00e7\u00e3o do pagamento do acordo. O Sinpes est\u00e1 envidando esfor\u00e7os para remover todos os \u00f3bices burocr\u00e1ticos existentes e repassar aos interessados esse \u00faltimo montante cuja libera\u00e7\u00e3o \u00e9 iminente.<\/p>\n<p style=\"text-align: justify;\">\u00a0Os sal\u00e1rios a partir de julho de 2017, n\u00e3o contemplados pelo acordo judicial e que deveriam ser pagos em dia pela Institui\u00e7\u00e3o de Ensino, v\u00eam sendo pagos de forma irregular e parcial, e j\u00e1 s\u00e3o objeto de nova a\u00e7\u00e3o trabalhista com pedido de tutela antecipada movida pelo Sindicato em tr\u00e2mite perante a 11\u00aa Vara do Trabalho de Curitiba. A institui\u00e7\u00e3o de ensino tem prazo de 10 dias para comprovar o pagamento sob pena de poss\u00edvel deferimento da tutela antecipada postulada.<\/p>\n<p style=\"text-align: justify;\">A despedida abusiva de alguns dos l\u00edderes do movimento dos professores n\u00e3o atemorizou a categoria, que prossegue unida e articulada com o objetivo de fazer valer seus direitos.<\/p>\n<p style=\"text-align: justify;\">Reuni\u00f5es peri\u00f3dicas s\u00e3o realizadas pelos professores interessados na sede do Sinpes, com o objetivo de democraticamente debater os rumos do movimento, bem como atualizar a todos sobre os acontecimentos. Essa atualiza\u00e7\u00e3o tamb\u00e9m se d\u00e1 atrav\u00e9s de grupo de Whatsapp em que participam os professores interessados e alguns diretores do Sinpes.<\/p>\n<p style=\"text-align: justify;\">Ap\u00f3s as f\u00e9rias escolares ser\u00e1 convocada nova Assembleia Geral para avaliar o movimento e tra\u00e7ar a estrat\u00e9gia dos passos a serem dados para o recebimento dos sal\u00e1rios e demais verbas trabalhistas em dia.<\/p>\n<p style=\"text-align: justify;\"><strong>Diretoria do Sinpes<\/strong><\/p>\n<!-- AddThis Advanced Settings generic via filter on the_content --><!-- AddThis Share Buttons generic via filter on the_content -->","protected":false},"excerpt":{"rendered":"<p>Como \u00e9 de conhecimento de todos os interessados, o Sinpes realizou acordo com a FACEL em 07\/07\/2017 para colocar fim \u00e0 greve dos professores e para garantir o pagamento dos sal\u00e1rios at\u00e9 o dia 10\/07\/2017, com os valores que foram e que ser\u00e3o arrecadados pelo FIES. At\u00e9 o momento j\u00e1 ocorreram tr\u00eas libera\u00e7\u00f5es para o [&hellip;]<!-- AddThis Advanced Settings generic via filter on wp_trim_excerpt --><!-- AddThis Share Buttons generic via filter on wp_trim_excerpt --><\/p>\n","protected":false},"author":2,"featured_media":0,"comment_status":"closed","ping_status":"open","sticky":false,"template":"","format":"standard","meta":{"footnotes":""},"categories":[18,56],"tags":[57,212],"class_list":["post-1450","post","type-post","status-publish","format-standard","hentry","category-destaque","category-facel","tag-facel","tag-irregularidades"],"_links":{"self":[{"href":"https:\/\/sinpes.org.br\/site\/wp-json\/wp\/v2\/posts\/1450","targetHints":{"allow":["GET"]}}],"collection":[{"href":"https:\/\/sinpes.org.br\/site\/wp-json\/wp\/v2\/posts"}],"about":[{"href":"https:\/\/sinpes.org.br\/site\/wp-json\/wp\/v2\/types\/post"}],"author":[{"embeddable":true,"href":"https:\/\/sinpes.org.br\/site\/wp-json\/wp\/v2\/users\/2"}],"replies":[{"embeddable":true,"href":"https:\/\/sinpes.org.br\/site\/wp-json\/wp\/v2\/comments?post=1450"}],"version-history":[{"count":1,"href":"https:\/\/sinpes.org.br\/site\/wp-json\/wp\/v2\/posts\/1450\/revisions"}],"predecessor-version":[{"id":1451,"href":"https:\/\/sinpes.org.br\/site\/wp-json\/wp\/v2\/posts\/1450\/revisions\/1451"}],"wp:attachment":[{"href":"https:\/\/sinpes.org.br\/site\/wp-json\/wp\/v2\/media?parent=1450"}],"wp:term":[{"taxonomy":"category","embeddable":true,"href":"https:\/\/sinpes.org.br\/site\/wp-json\/wp\/v2\/categories?post=1450"},{"taxonomy":"post_tag","embeddable":true,"href":"https:\/\/sinpes.org.br\/site\/wp-json\/wp\/v2\/tags?post=1450"}],"curies":[{"name":"wp","href":"https:\/\/api.w.org\/{rel}","templated":true}]}}