{"id":1446,"date":"2017-12-08T15:14:35","date_gmt":"2017-12-08T17:14:35","guid":{"rendered":"http:\/\/sinpes.org.br\/site\/?p=1446"},"modified":"2017-12-11T15:45:18","modified_gmt":"2017-12-11T17:45:18","slug":"despedida-coletiva-na-estacio-coloca-a-na-vanguarda-da-precarizacao-do-ensino-inspirada-pela-reforma-trabalhista","status":"publish","type":"post","link":"https:\/\/sinpes.org.br\/site\/despedida-coletiva-na-estacio-coloca-a-na-vanguarda-da-precarizacao-do-ensino-inspirada-pela-reforma-trabalhista\/","title":{"rendered":"Despedida Coletiva na Est\u00e1cio Coloca-a na \u201cVanguarda\u201d da Precariza\u00e7\u00e3o do Ensino Inspirada pela \u201cReforma Trabalhista\u201d"},"content":{"rendered":"<p style=\"text-align: justify;\">Caiu como uma bomba a not\u00edcia veiculada nos principais meios de comunica\u00e7\u00e3o de que a Universidade Est\u00e1cio de S\u00e1 teria demitido em todo pa\u00eds cerca de 1200 dos seus 10.000 professores, o que representa em torno de 12% de todo o seu corpo docente.<\/p>\n<p style=\"text-align: justify;\">Especula-se que esses professores ser\u00e3o substitu\u00eddos no in\u00edcio do pr\u00f3ximo semestre letivo por docentes em regime intermitente, fato n\u00e3o confirmado pela institui\u00e7\u00e3o de ensino. Essa, em nota oficial, prefere justificar as demiss\u00f5es de forma evasiva como forma de \u201cmanter a sustentabilidade da institui\u00e7\u00e3o\u201d, limitando-se a \u201cgarantir\u201d que todos os professores que ser\u00e3o contratados em substitui\u00e7\u00e3o aos demitidos estar\u00e3o submetidos ao regime da CLT.<\/p>\n<p style=\"text-align: justify;\">Na Est\u00e1cio do Cristo Rei, em Curitiba, a degola dos professores foi ainda mais acentuada, visto que dos 64 professores do Curso de Direito pelo menos 17 foram sumariamente demitidos, o que atinge o inacredit\u00e1vel percentual de 26,56% do corpo docente.<\/p>\n<p style=\"text-align: justify;\">A despedida coletiva por certo decorreu da busca desenfreada pelo lucro f\u00e1cil, que vem pautando a conduta de diversas institui\u00e7\u00f5es de ensino superior e de interpreta\u00e7\u00e3o precipitada e superficial do artigo 477-A da CLT, preceito inserido pela malfadada \u201creforma trabalhista\u201d.<\/p>\n<p style=\"text-align: justify;\">Segundo interpreta\u00e7\u00e3o literal dessa norma jur\u00eddica as despedidas coletivas equiparam-se \u00e0s despedidas individuais \u201cpara todos os efeitos legais\u201d, raz\u00e3o pela qual desnecess\u00e1ria negocia\u00e7\u00e3o pr\u00e9via que as legitime.<\/p>\n<p style=\"text-align: justify;\">Ocorre que o Tribunal Superior do Trabalho tem firme jurisprud\u00eancia no sentido de que demiss\u00f5es coletivas somente s\u00e3o v\u00e1lidas se precedidas por negocia\u00e7\u00e3o coletiva, respaldada em diversos preceitos constitucionais (artigos 1\u00ba, III e IV, 6\u00ba, 170, VIII, 5\u00ba, XXIII, 8\u00ba, III e VI e 170, III da Constitui\u00e7\u00e3o Federal).<\/p>\n<p style=\"text-align: justify;\">Manifesta, por conseguinte, a inconstitucionalidade do artigo 477-A da CLT, que certamente inspirou a institui\u00e7\u00e3o de ensino superior a promover de forma inescrupulosa e sem pr\u00e9via negocia\u00e7\u00e3o coletiva a degola em massa perpetrada.<\/p>\n<p style=\"text-align: justify;\">No \u00e2mbito de representatividade do Sindicato dos Professores do Rio de Janeiro, aquela entidade j\u00e1 obteve decis\u00e3o liminar sustando a demiss\u00e3o coletiva.<\/p>\n<p style=\"text-align: justify;\">O Sinpes tem incentivado todos os professores que pedem orienta\u00e7\u00e3o sobre a dram\u00e1tica situa\u00e7\u00e3o criada por institui\u00e7\u00f5es de ensino que teimam em promover despedidas coletivas sem pr\u00e9via negocia\u00e7\u00e3o com a entidade sindical representativa dos professores para que pleiteiem a nulidade da despedida e a reintegra\u00e7\u00e3o em a\u00e7\u00f5es individuais.<\/p>\n<p style=\"text-align: justify;\">Assim se posiciona para que se evitem os percal\u00e7os processuais das a\u00e7\u00f5es coletivas e diante da constata\u00e7\u00e3o no sentido de que alguns docentes individualmente preferirem o recebimento de indeniza\u00e7\u00e3o em detrimento da reintegra\u00e7\u00e3o no emprego, n\u00e3o sendo prudente que o sindicato fale em nome de todos os demitidos de forma homog\u00eanea.<\/p>\n<p style=\"text-align: justify;\">Sendo assim, o Sinpes repudia a forma como foi encaminhada a demiss\u00e3o coletiva perpetrada, bem com se encontra \u00e0 disposi\u00e7\u00e3o de todos os professores da Est\u00e1cio para a orienta\u00e7\u00e3o da conduta a ser adotada nesse momento t\u00e3o dram\u00e1tico.<\/p>\n<p style=\"text-align: justify;\">&nbsp;<a class=\"fasc-button fasc-size-medium fasc-type-glossy fasc-rounded-medium fasc-ico-before dashicons-admin-links\" style=\"background-color: #33809e; color: #ffffff;\" target=\"_blank\" href=\"http:\/\/sinpes.org.br\/site\/mensagens-de-dois-professores-demitidos-pela-estacio-de-sa\/\">Mensagens de dois professores demitidos pela Est\u00e1cio de S\u00e1<\/a><\/p>\n<!-- AddThis Advanced Settings generic via filter on the_content --><!-- AddThis Share Buttons generic via filter on the_content -->","protected":false},"excerpt":{"rendered":"<p>Caiu como uma bomba a not\u00edcia veiculada nos principais meios de comunica\u00e7\u00e3o de que a Universidade Est\u00e1cio de S\u00e1 teria demitido em todo pa\u00eds cerca de 1200 dos seus 10.000 professores, o que representa em torno de 12% de todo o seu corpo docente. Especula-se que esses professores ser\u00e3o substitu\u00eddos no in\u00edcio do pr\u00f3ximo semestre [&hellip;]<!-- AddThis Advanced Settings generic via filter on wp_trim_excerpt --><!-- AddThis Share Buttons generic via filter on wp_trim_excerpt --><\/p>\n","protected":false},"author":2,"featured_media":0,"comment_status":"closed","ping_status":"open","sticky":false,"template":"","format":"standard","meta":{"footnotes":""},"categories":[237],"tags":[238,189],"class_list":["post-1446","post","type-post","status-publish","format-standard","hentry","category-estacio","tag-estacio","tag-reforma-trabalhista"],"_links":{"self":[{"href":"https:\/\/sinpes.org.br\/site\/wp-json\/wp\/v2\/posts\/1446","targetHints":{"allow":["GET"]}}],"collection":[{"href":"https:\/\/sinpes.org.br\/site\/wp-json\/wp\/v2\/posts"}],"about":[{"href":"https:\/\/sinpes.org.br\/site\/wp-json\/wp\/v2\/types\/post"}],"author":[{"embeddable":true,"href":"https:\/\/sinpes.org.br\/site\/wp-json\/wp\/v2\/users\/2"}],"replies":[{"embeddable":true,"href":"https:\/\/sinpes.org.br\/site\/wp-json\/wp\/v2\/comments?post=1446"}],"version-history":[{"count":2,"href":"https:\/\/sinpes.org.br\/site\/wp-json\/wp\/v2\/posts\/1446\/revisions"}],"predecessor-version":[{"id":1455,"href":"https:\/\/sinpes.org.br\/site\/wp-json\/wp\/v2\/posts\/1446\/revisions\/1455"}],"wp:attachment":[{"href":"https:\/\/sinpes.org.br\/site\/wp-json\/wp\/v2\/media?parent=1446"}],"wp:term":[{"taxonomy":"category","embeddable":true,"href":"https:\/\/sinpes.org.br\/site\/wp-json\/wp\/v2\/categories?post=1446"},{"taxonomy":"post_tag","embeddable":true,"href":"https:\/\/sinpes.org.br\/site\/wp-json\/wp\/v2\/tags?post=1446"}],"curies":[{"name":"wp","href":"https:\/\/api.w.org\/{rel}","templated":true}]}}