{"id":1436,"date":"2017-12-07T22:06:10","date_gmt":"2017-12-08T00:06:10","guid":{"rendered":"http:\/\/sinpes.org.br\/site\/?p=1436"},"modified":"2017-12-07T22:08:33","modified_gmt":"2017-12-08T00:08:33","slug":"sinpes-luta-por-reajuste-digno-e-pela-ampliacao-e-manutencao-de-direitos-dos-professores","status":"publish","type":"post","link":"https:\/\/sinpes.org.br\/site\/sinpes-luta-por-reajuste-digno-e-pela-ampliacao-e-manutencao-de-direitos-dos-professores\/","title":{"rendered":"Sinpes Luta por Reajuste Digno e pela Amplia\u00e7\u00e3o e Manuten\u00e7\u00e3o de Direitos dos Professores"},"content":{"rendered":"<p style=\"text-align: justify;\">O Sinpes reuniu-se com o Sinepe no dia 01.12.2017 para discutir o conte\u00fado da Conven\u00e7\u00e3o Coletiva de Trabalho vigente a partir de 01.09.2017.<!--more--><\/p>\n<p style=\"text-align: justify;\">A postura dos empregadores nesse primeiro contato foi extremamente truculenta, fazendo uma s\u00e9rie de \u201creivindica\u00e7\u00f5es\u201d que, se aceitas pela categoria, importariam em lament\u00e1vel retrocesso nas condi\u00e7\u00f5es de trabalho dos professores do ensino privado de Curitiba e da Regi\u00e3o Metropolitana.<\/p>\n<p style=\"text-align: justify;\"><a href=\"http:\/\/sinpes.org.br\/site\/wp-content\/uploads\/2017\/12\/sinepe-1.jpg\"><img loading=\"lazy\" decoding=\"async\" class=\"home-thumb alignleft wp-image-1438 size-medium\" src=\"http:\/\/sinpes.org.br\/site\/wp-content\/uploads\/2017\/12\/sinepe-1-300x225.jpg\" alt=\"\" width=\"300\" height=\"225\" srcset=\"https:\/\/sinpes.org.br\/site\/wp-content\/uploads\/2017\/12\/sinepe-1-300x225.jpg 300w, https:\/\/sinpes.org.br\/site\/wp-content\/uploads\/2017\/12\/sinepe-1-768x576.jpg 768w, https:\/\/sinpes.org.br\/site\/wp-content\/uploads\/2017\/12\/sinepe-1.jpg 1024w\" sizes=\"auto, (max-width: 300px) 100vw, 300px\" \/><\/a>Entre os assuntos abordados pela entidade representativa das institui\u00e7\u00f5es de ensino esteve a implanta\u00e7\u00e3o pela via convencional da chamada \u201crescis\u00e3o parcial\u201d, eufemismo utilizado pelos patr\u00f5es para contornar as restritas hip\u00f3teses convencionais em que se autoriza a redu\u00e7\u00e3o da carga hor\u00e1ria dos professores.<\/p>\n<p style=\"text-align: justify;\">Tamb\u00e9m a redu\u00e7\u00e3o dos quinqu\u00eanios de 5% para 2,5% para cada cinco anos de trabalho foi cogitada pelos empregadores sem que fosse oferecida qualquer vantagem relevante em contrapartida.<\/p>\n<p style=\"text-align: justify;\">Os dirigentes do Sinpes n\u00e3o concordaram com essas propostas, conclamando a categoria a cerrar fileiras contra esse retrocesso hist\u00f3rico almejado pelos patr\u00f5es.<\/p>\n<p style=\"text-align: justify;\">Quest\u00f5es que podem ser discutidas segundo a Diretoria do Sinpes se os empregadores se propuserem a oferecer contrapartidas id\u00f4neas dizem respeito a crit\u00e9rios para contagem da cota m\u00ednima de deficientes e de aprendizes no bojo da categoria, bem como a regulamenta\u00e7\u00e3o de uma modalidade nova de contrata\u00e7\u00e3o de professores para exerc\u00edcio de atividades fora da sala de aula com irredutibilidade absoluta da carga hor\u00e1ria originalmente contratada.<\/p>\n<p style=\"text-align: justify;\"><strong><a href=\"http:\/\/sinpes.org.br\/site\/wp-content\/uploads\/2017\/12\/sinepe-2.jpg\"><img loading=\"lazy\" decoding=\"async\" class=\"home-thumb alignright wp-image-1437 size-medium\" src=\"http:\/\/sinpes.org.br\/site\/wp-content\/uploads\/2017\/12\/sinepe-2-300x225.jpg\" alt=\"\" width=\"300\" height=\"225\" srcset=\"https:\/\/sinpes.org.br\/site\/wp-content\/uploads\/2017\/12\/sinepe-2-300x225.jpg 300w, https:\/\/sinpes.org.br\/site\/wp-content\/uploads\/2017\/12\/sinepe-2-768x576.jpg 768w, https:\/\/sinpes.org.br\/site\/wp-content\/uploads\/2017\/12\/sinepe-2.jpg 1024w\" sizes=\"auto, (max-width: 300px) 100vw, 300px\" \/><\/a>O Sinpes se manter\u00e1 firme na oposi\u00e7\u00e3o a a todas as medidas que pretendam diminuir ou restringir direitos hist\u00f3ricos conquistados pela categoria, s\u00f3 negociando quest\u00f5es que pressuponham concess\u00f5es de ambas as partes. <\/strong><\/p>\n<p style=\"text-align: justify;\"><strong>Dessa maneira, continua na luta por um reajuste digno e pela manuten\u00e7\u00e3o e amplia\u00e7\u00e3o dos direitos de sua categoria, conclamando os professores a se manterem atentos contra tentativas de suprimir direitos e de precarizar ainda mais o ensino superior privado. <\/strong><\/p>\n<p><a class=\"fasc-button fasc-size-medium fasc-type-glossy fasc-rounded-medium fasc-ico-before dashicons-admin-links\" style=\"background-color: #33809e; color: #ffffff;\" target=\"_blank\" rel=\"noopener\" href=\"http:\/\/sinpes.org.br\/site\/wp-content\/uploads\/2017\/12\/Pauta-de-Reivindicacao-SINEPE-20181.pdf\">Pauta de Reivindicacao SINEPE 2018<\/a><\/p>\n<!-- AddThis Advanced Settings generic via filter on the_content --><!-- AddThis Share Buttons generic via filter on the_content -->","protected":false},"excerpt":{"rendered":"<p>O Sinpes reuniu-se com o Sinepe no dia 01.12.2017 para discutir o conte\u00fado da Conven\u00e7\u00e3o Coletiva de Trabalho vigente a partir de 01.09.2017.<!-- AddThis Advanced Settings generic via filter on wp_trim_excerpt --><!-- AddThis Share Buttons generic via filter on wp_trim_excerpt --><\/p>\n","protected":false},"author":2,"featured_media":1438,"comment_status":"closed","ping_status":"open","sticky":false,"template":"","format":"standard","meta":{"footnotes":""},"categories":[13,5],"tags":[71,62],"class_list":["post-1436","post","type-post","status-publish","format-standard","has-post-thumbnail","hentry","category-home","category-sinpes","tag-reajuste-salarial","tag-sinpes"],"_links":{"self":[{"href":"https:\/\/sinpes.org.br\/site\/wp-json\/wp\/v2\/posts\/1436","targetHints":{"allow":["GET"]}}],"collection":[{"href":"https:\/\/sinpes.org.br\/site\/wp-json\/wp\/v2\/posts"}],"about":[{"href":"https:\/\/sinpes.org.br\/site\/wp-json\/wp\/v2\/types\/post"}],"author":[{"embeddable":true,"href":"https:\/\/sinpes.org.br\/site\/wp-json\/wp\/v2\/users\/2"}],"replies":[{"embeddable":true,"href":"https:\/\/sinpes.org.br\/site\/wp-json\/wp\/v2\/comments?post=1436"}],"version-history":[{"count":4,"href":"https:\/\/sinpes.org.br\/site\/wp-json\/wp\/v2\/posts\/1436\/revisions"}],"predecessor-version":[{"id":1443,"href":"https:\/\/sinpes.org.br\/site\/wp-json\/wp\/v2\/posts\/1436\/revisions\/1443"}],"wp:featuredmedia":[{"embeddable":true,"href":"https:\/\/sinpes.org.br\/site\/wp-json\/wp\/v2\/media\/1438"}],"wp:attachment":[{"href":"https:\/\/sinpes.org.br\/site\/wp-json\/wp\/v2\/media?parent=1436"}],"wp:term":[{"taxonomy":"category","embeddable":true,"href":"https:\/\/sinpes.org.br\/site\/wp-json\/wp\/v2\/categories?post=1436"},{"taxonomy":"post_tag","embeddable":true,"href":"https:\/\/sinpes.org.br\/site\/wp-json\/wp\/v2\/tags?post=1436"}],"curies":[{"name":"wp","href":"https:\/\/api.w.org\/{rel}","templated":true}]}}