{"id":1430,"date":"2017-12-07T21:57:45","date_gmt":"2017-12-07T23:57:45","guid":{"rendered":"http:\/\/sinpes.org.br\/site\/?p=1430"},"modified":"2017-12-07T21:57:45","modified_gmt":"2017-12-07T23:57:45","slug":"mesa-redonda-com-a-faculdade-santa-cruz","status":"publish","type":"post","link":"https:\/\/sinpes.org.br\/site\/mesa-redonda-com-a-faculdade-santa-cruz\/","title":{"rendered":"Mesa Redonda com a Faculdade Santa Cruz"},"content":{"rendered":"<p style=\"text-align: justify;\">O Sindicato dos Professores de Ensino Superior convocou a Faculdade Santa Cruz para reuni\u00e3o de mesa redonda perante a Superintend\u00eancia&nbsp; Regional do Trabalho realizada no dia 06.12.2017, \u00e0s 10h30min, para tratar sobre a concess\u00e3o de f\u00e9rias individuais de diversos docentes em plena vig\u00eancia do semestre letivo.<\/p>\n<p style=\"text-align: justify;\"><a href=\"http:\/\/sinpes.org.br\/site\/wp-content\/uploads\/2017\/12\/image1-banner-450x100-57.jpg\"><img loading=\"lazy\" decoding=\"async\" class=\"home-thumb alignleft wp-image-1432 size-medium\" src=\"http:\/\/sinpes.org.br\/site\/wp-content\/uploads\/2017\/12\/image1-banner-450x100-57-300x225.jpg\" alt=\"\" width=\"300\" height=\"225\" srcset=\"https:\/\/sinpes.org.br\/site\/wp-content\/uploads\/2017\/12\/image1-banner-450x100-57-300x225.jpg 300w, https:\/\/sinpes.org.br\/site\/wp-content\/uploads\/2017\/12\/image1-banner-450x100-57-768x576.jpg 768w, https:\/\/sinpes.org.br\/site\/wp-content\/uploads\/2017\/12\/image1-banner-450x100-57-1024x768.jpg 1024w\" sizes=\"auto, (max-width: 300px) 100vw, 300px\" \/><\/a>Nessa ocasi\u00e3o, os dirigentes do Sinpes salientaram que tal medida, por ser at\u00edpica, causou apreens\u00e3o em todos os docentes, os quais estavam extremamente preocupados que isso estivesse relacionado com uma poss\u00edvel demiss\u00e3o coletiva.<\/p>\n<p style=\"text-align: justify;\">Os representantes da Institui\u00e7\u00e3o esclareceram que essas f\u00e9rias foram concedidas aos docentes que j\u00e1 possu\u00edam f\u00e9rias vencidas, a fim de que, segundo a interpreta\u00e7\u00e3o do Departamento de Recursos Humanos, evitar o iminente pagamento em dobro a que esses professores passariam a ter direito.<\/p>\n<p style=\"text-align: justify;\">Al\u00e9m disso, frisaram que n\u00e3o houve e n\u00e3o haver\u00e1 qualquer discrimina\u00e7\u00e3o em rela\u00e7\u00e3o aos professores que gozaram ou gozar\u00e3o de f\u00e9rias entre os meses de novembro e dezembro de 2017.<\/p>\n<p style=\"text-align: justify;\">Explicitaram que eventuais demiss\u00f5es que porventura venham a acontecer n\u00e3o guardar\u00e3o qualquer correla\u00e7\u00e3o com as f\u00e9rias usufru\u00eddas pelos docentes no curso do semestre letivo.<\/p>\n<p style=\"text-align: justify;\"><a href=\"http:\/\/sinpes.org.br\/site\/wp-content\/uploads\/2017\/12\/image2-banner-450x100-57.jpg\"><img loading=\"lazy\" decoding=\"async\" class=\"home-thumb alignleft wp-image-1431 size-medium\" src=\"http:\/\/sinpes.org.br\/site\/wp-content\/uploads\/2017\/12\/image2-banner-450x100-57-300x225.jpg\" alt=\"\" width=\"300\" height=\"225\" srcset=\"https:\/\/sinpes.org.br\/site\/wp-content\/uploads\/2017\/12\/image2-banner-450x100-57-300x225.jpg 300w, https:\/\/sinpes.org.br\/site\/wp-content\/uploads\/2017\/12\/image2-banner-450x100-57-768x576.jpg 768w, https:\/\/sinpes.org.br\/site\/wp-content\/uploads\/2017\/12\/image2-banner-450x100-57-1024x768.jpg 1024w\" sizes=\"auto, (max-width: 300px) 100vw, 300px\" \/><\/a>O Sinpes aproveitou o contato com essa institui\u00e7\u00e3o de ensino para pedir esclarecimentos tamb\u00e9m sobre o n\u00e3o pagamento da terceira parcela do d\u00e9cimo terceiro sal\u00e1rio dos docentes, que n\u00e3o ocorreu no dia 30.11.2017, nem at\u00e9 o presente momento.<\/p>\n<p style=\"text-align: justify;\">Os representantes da IES afirmaram est\u00e3o fazendo o poss\u00edvel para regularizar essa situa\u00e7\u00e3o e que envidar\u00e3o esfor\u00e7os para efetuar o pagamento integral do d\u00e9cimo terceiro sal\u00e1rio at\u00e9 o dia 20.12.2017.<\/p>\n<p style=\"text-align: justify;\">O Sinpes continua acompanhando de perto a situa\u00e7\u00e3o da Faculdade Santa Cruz para tomar as medidas cab\u00edveis, caso seja necess\u00e1rio.<\/p>\n<p><a class=\"fasc-button fasc-size-medium fasc-type-glossy fasc-rounded-medium fasc-ico-before dashicons-admin-links\" style=\"background-color: #33809e; color: #ffffff;\" target=\"_blank\" href=\"http:\/\/sinpes.org.br\/site\/wp-content\/uploads\/2017\/12\/Ata-MR-Santa-Cruz.pdf\">Ata Mesa Redonda Santa Cruz<\/a><\/p>\n<p>&nbsp;<\/p>\n<p style=\"text-align: justify;\"><strong>Diretoria do Sinpes.<\/strong><\/p>\n<p>&nbsp;<\/p>\n<!-- AddThis Advanced Settings generic via filter on the_content --><!-- AddThis Share Buttons generic via filter on the_content -->","protected":false},"excerpt":{"rendered":"<p>O Sindicato dos Professores de Ensino Superior convocou a Faculdade Santa Cruz para reuni\u00e3o de mesa redonda perante a Superintend\u00eancia&nbsp; Regional do Trabalho realizada no dia 06.12.2017, \u00e0s 10h30min, para tratar sobre a concess\u00e3o de f\u00e9rias individuais de diversos docentes em plena vig\u00eancia do semestre letivo. Nessa ocasi\u00e3o, os dirigentes do Sinpes salientaram que tal [&hellip;]<!-- AddThis Advanced Settings generic via filter on wp_trim_excerpt --><!-- AddThis Share Buttons generic via filter on wp_trim_excerpt --><\/p>\n","protected":false},"author":2,"featured_media":0,"comment_status":"closed","ping_status":"open","sticky":false,"template":"","format":"standard","meta":{"footnotes":""},"categories":[235],"tags":[236,126],"class_list":["post-1430","post","type-post","status-publish","format-standard","hentry","category-santa-cruz","tag-faculdade-santa-cruz","tag-mesa-redonda"],"_links":{"self":[{"href":"https:\/\/sinpes.org.br\/site\/wp-json\/wp\/v2\/posts\/1430","targetHints":{"allow":["GET"]}}],"collection":[{"href":"https:\/\/sinpes.org.br\/site\/wp-json\/wp\/v2\/posts"}],"about":[{"href":"https:\/\/sinpes.org.br\/site\/wp-json\/wp\/v2\/types\/post"}],"author":[{"embeddable":true,"href":"https:\/\/sinpes.org.br\/site\/wp-json\/wp\/v2\/users\/2"}],"replies":[{"embeddable":true,"href":"https:\/\/sinpes.org.br\/site\/wp-json\/wp\/v2\/comments?post=1430"}],"version-history":[{"count":1,"href":"https:\/\/sinpes.org.br\/site\/wp-json\/wp\/v2\/posts\/1430\/revisions"}],"predecessor-version":[{"id":1435,"href":"https:\/\/sinpes.org.br\/site\/wp-json\/wp\/v2\/posts\/1430\/revisions\/1435"}],"wp:attachment":[{"href":"https:\/\/sinpes.org.br\/site\/wp-json\/wp\/v2\/media?parent=1430"}],"wp:term":[{"taxonomy":"category","embeddable":true,"href":"https:\/\/sinpes.org.br\/site\/wp-json\/wp\/v2\/categories?post=1430"},{"taxonomy":"post_tag","embeddable":true,"href":"https:\/\/sinpes.org.br\/site\/wp-json\/wp\/v2\/tags?post=1430"}],"curies":[{"name":"wp","href":"https:\/\/api.w.org\/{rel}","templated":true}]}}