{"id":1357,"date":"2017-10-23T11:09:31","date_gmt":"2017-10-23T13:09:31","guid":{"rendered":"http:\/\/sinpes.org.br\/site\/?p=1357"},"modified":"2017-10-23T11:09:31","modified_gmt":"2017-10-23T13:09:31","slug":"sinpes-na-luta-por-melhores-condicoes-de-trabalho","status":"publish","type":"post","link":"https:\/\/sinpes.org.br\/site\/sinpes-na-luta-por-melhores-condicoes-de-trabalho\/","title":{"rendered":"Sinpes na Luta por Melhores Condi\u00e7\u00f5es de Trabalho"},"content":{"rendered":"<p style=\"text-align: justify;\">Como parte do processo de negocia\u00e7\u00e3o coletiva para elabora\u00e7\u00e3o da conven\u00e7\u00e3o coletiva de trabalho dos professores do Ensino Superior com o sindicato patronal, no per\u00edodo compreendido entre setembro de 2017 e setembro de 2019, o SINPES convoca a todos os integrantes da categoria, associados e n\u00e3o associados para Assembleia Geral.<!--more--><\/p>\n<p style=\"text-align: justify;\">Na oportunidade ser\u00e1 aprovada uma pauta de reivindica\u00e7\u00f5es para ser encaminhada ao SINEP, em que dever\u00e1 constar a pretens\u00e3o de reajuste salarial para o m\u00eas de fevereiro de 2018.<\/p>\n<p style=\"text-align: justify;\">O ano de 2017 foi marcado por diversos retrocessos no direito dos professores e dos trabalhadores em geral. Essa circunst\u00e2ncia exige combatividade redobrada dos \u00f3rg\u00e3os representativos dos trabalhadores, raz\u00e3o pela qual \u00e9 imprescind\u00edvel a participa\u00e7\u00e3o de todos.<\/p>\n<p style=\"text-align: justify;\">A reforma trabalhista aprovada em 13.07.2017 entrar\u00e1 em vigor no dia 11.11.2017, e trar\u00e1 consigo mudan\u00e7as profundas tanto no direito individual quanto no direito coletivo do trabalho.<\/p>\n<p style=\"text-align: justify;\">Faz-se necess\u00e1rio o engajamento de todos os professores do ensino superior de institui\u00e7\u00f5es privadas para dar um basta \u00e0 sangria de direitos que se pretendeu impor com a nova legisla\u00e7\u00e3o.<\/p>\n<p style=\"text-align: justify;\">Venha dizer n\u00e3o \u00e0 precariza\u00e7\u00e3o das rela\u00e7\u00f5es de trabalho e discutir as novas f\u00f3rmulas de custeio do sindicato em face da supress\u00e3o da contribui\u00e7\u00e3o sindical, \u00fanica fonte de receita do Sinpes at\u00e9 a presente data.<\/p>\n<p style=\"text-align: justify;\">Professor associado e n\u00e3o associado do SINPES: compare\u00e7a \u00e0 Assembleia Geral da categoria, no dia 28 de outubro de 2017 (s\u00e1bado), \u00e0s 11h00min, no Hotel San Martin, localizado na Rua Jo\u00e3o Negr\u00e3o, 169.<\/p>\n<p style=\"text-align: justify;\"><strong>Diretoria do Sinpes.<\/strong><\/p>\n<!-- AddThis Advanced Settings generic via filter on the_content --><!-- AddThis Share Buttons generic via filter on the_content -->","protected":false},"excerpt":{"rendered":"<p>Como parte do processo de negocia\u00e7\u00e3o coletiva para elabora\u00e7\u00e3o da conven\u00e7\u00e3o coletiva de trabalho dos professores do Ensino Superior com o sindicato patronal, no per\u00edodo compreendido entre setembro de 2017 e setembro de 2019, o SINPES convoca a todos os integrantes da categoria, associados e n\u00e3o associados para Assembleia Geral.<!-- AddThis Advanced Settings generic via filter on wp_trim_excerpt --><!-- AddThis Share Buttons generic via filter on wp_trim_excerpt --><\/p>\n","protected":false},"author":2,"featured_media":594,"comment_status":"closed","ping_status":"open","sticky":false,"template":"","format":"standard","meta":{"footnotes":""},"categories":[13,5],"tags":[223],"class_list":["post-1357","post","type-post","status-publish","format-standard","has-post-thumbnail","hentry","category-home","category-sinpes","tag-condicoes-de-trabalho"],"_links":{"self":[{"href":"https:\/\/sinpes.org.br\/site\/wp-json\/wp\/v2\/posts\/1357","targetHints":{"allow":["GET"]}}],"collection":[{"href":"https:\/\/sinpes.org.br\/site\/wp-json\/wp\/v2\/posts"}],"about":[{"href":"https:\/\/sinpes.org.br\/site\/wp-json\/wp\/v2\/types\/post"}],"author":[{"embeddable":true,"href":"https:\/\/sinpes.org.br\/site\/wp-json\/wp\/v2\/users\/2"}],"replies":[{"embeddable":true,"href":"https:\/\/sinpes.org.br\/site\/wp-json\/wp\/v2\/comments?post=1357"}],"version-history":[{"count":1,"href":"https:\/\/sinpes.org.br\/site\/wp-json\/wp\/v2\/posts\/1357\/revisions"}],"predecessor-version":[{"id":1358,"href":"https:\/\/sinpes.org.br\/site\/wp-json\/wp\/v2\/posts\/1357\/revisions\/1358"}],"wp:featuredmedia":[{"embeddable":true,"href":"https:\/\/sinpes.org.br\/site\/wp-json\/wp\/v2\/media\/594"}],"wp:attachment":[{"href":"https:\/\/sinpes.org.br\/site\/wp-json\/wp\/v2\/media?parent=1357"}],"wp:term":[{"taxonomy":"category","embeddable":true,"href":"https:\/\/sinpes.org.br\/site\/wp-json\/wp\/v2\/categories?post=1357"},{"taxonomy":"post_tag","embeddable":true,"href":"https:\/\/sinpes.org.br\/site\/wp-json\/wp\/v2\/tags?post=1357"}],"curies":[{"name":"wp","href":"https:\/\/api.w.org\/{rel}","templated":true}]}}