{"id":1344,"date":"2017-10-09T14:49:27","date_gmt":"2017-10-09T17:49:27","guid":{"rendered":"http:\/\/sinpes.org.br\/site\/?p=1344"},"modified":"2017-10-09T14:56:35","modified_gmt":"2017-10-09T17:56:35","slug":"reconhecimento-decanos-do-magisterio-das-faculdades-de-direito-mais-antigas-do-estado-recebem-homenagem-da-oab-parana","status":"publish","type":"post","link":"https:\/\/sinpes.org.br\/site\/reconhecimento-decanos-do-magisterio-das-faculdades-de-direito-mais-antigas-do-estado-recebem-homenagem-da-oab-parana\/","title":{"rendered":"Reconhecimento: decanos do magist\u00e9rio das faculdades de Direito mais antigas do estado recebem homenagem da OAB Paran\u00e1"},"content":{"rendered":"<p style=\"text-align: justify;\"><img loading=\"lazy\" decoding=\"async\" class=\"home-thumb aligncenter wp-image-1345\" src=\"http:\/\/sinpes.org.br\/site\/wp-content\/uploads\/2017\/10\/oab-pr-homenagem-300x154.jpg\" alt=\"\" width=\"590\" height=\"304\" srcset=\"https:\/\/sinpes.org.br\/site\/wp-content\/uploads\/2017\/10\/oab-pr-homenagem-300x154.jpg 300w, https:\/\/sinpes.org.br\/site\/wp-content\/uploads\/2017\/10\/oab-pr-homenagem-768x395.jpg 768w, https:\/\/sinpes.org.br\/site\/wp-content\/uploads\/2017\/10\/oab-pr-homenagem-1024x527.jpg 1024w\" sizes=\"auto, (max-width: 590px) 100vw, 590px\" \/><\/p>\n<p style=\"text-align: justify;\">Uma homenagem aos decanos do magist\u00e9rio das faculdades de Direito mais antigas do estado marcou o encerramento do\u00a0II Encontro Estadual dos Professores de Direito do Paran\u00e1. O segundo dia do evento promovido pelas comiss\u00f5es de Educa\u00e7\u00e3o Jur\u00eddica e de Est\u00e1gio e Exame de Ordem tamb\u00e9m foi marcado pelo lan\u00e7amento do Pr\u00eamio de Boa Pr\u00e1ticas de Educa\u00e7\u00e3o Jur\u00eddica Alo\u00edsio Surgik.<\/p>\n<p style=\"text-align: justify;\">\u201cO Encontro foi oportuno e enriquecedor, um momento incomum para a troca de experi\u00eancias entre os mais expressivos professores das 90 faculdades paranaenses de Direito convidadas\u201d, avaliou o presidente da OAB Paran\u00e1, Jos\u00e9 Augusto Ara\u00fajo de Noronha. \u201cPara fechar o evento, nada mais apropriado que a cria\u00e7\u00e3o do Pr\u00eamio de Boa Pr\u00e1ticas de Educa\u00e7\u00e3o Jur\u00eddica, que de forma totalmente apropriada levar\u00e1 o nome do professor Alo\u00edsio Surgik, rec\u00e9m falecido\u201d, pontuou.<\/p>\n<p style=\"text-align: justify;\">Noronha destacou o legado deixado por Surgik, lembrando que o jurista atuou durante d\u00e9cadas em v\u00e1rias institui\u00e7\u00f5es de ensino, como a Universidade Federal do Paran\u00e1, a PUCPR, a UniCuritiba, a Tuiuti, e outras, ajudando a formar milhares de advogados. \u201cEra um apaixonado e um militante diuturno do Direito Romano. Inspirados por esta ic\u00f4nica figura que foi o professor Surgik, tenho certeza de que o corpo discente das nossas faculdades ir\u00e1 oferecer aos estudantes de Direito aquilo que n\u00f3s mais precisamos: bachar\u00e9is que se transformem em bons advogados. Advogados que lutem as batalhas do bom Direito e, com ele, ajudem a aprimorar a advocacia, a sociedade brasileira e, se optarem pela carreira no magist\u00e9rio, tenham como inspira\u00e7\u00e3o o saudoso e j\u00e1 lend\u00e1rio professor Alo\u00edsio Surgik\u201d, disse.<\/p>\n<p style=\"text-align: justify;\">Coube \u00e0 conselheira Mar\u00edlia Pedroso Xavier a homenagem aos decanos do magist\u00e9rio das faculdades de Direito. A advogada ressaltou que a primeira edi\u00e7\u00e3o do Encontro Estadual dos Professores de Direito mostrou tamanha import\u00e2ncia que a OAB Paran\u00e1 resolveu tornar este um evento de cunho regular. \u201cCabe aqui uma importante reflex\u00e3o: o acelerado processo de conectividade, gerando tantas novas m\u00eddias,\u00a0 n\u00e3o tem tornado f\u00e1cil a tarefa dos docentes. Tamb\u00e9m n\u00e3o podemos esquecer as centenas de cursos brotando em todo o pa\u00eds. O fen\u00f4meno certamente \u00e9 um dos causadores dessa nefasta precariza\u00e7\u00e3o das rela\u00e7\u00f5es de trabalho, mas n\u00e3o \u00e9 o \u00fanico. A pr\u00f3pria reforma trabalhista encarrega-se de colocar o magist\u00e9rio em situa\u00e7\u00e3o absolutamente dram\u00e1tica e fragilizada. N\u00e3o se pode negar a exist\u00eancia de uma cultura de desvaloriza\u00e7\u00e3o dos mestres, banalizando-se o conhecimento que eles oferecem e\u00a0 desrespeitando o trabalho e a trajet\u00f3ria de quem se dedica com tanto afinco a disseminar o conhecimento fundamental para o exerc\u00edcio profissional\u201d, disse.<\/p>\n<p style=\"text-align: justify;\">\u201cDiante de tantas adversidades n\u00e3o poder\u00edamos deixar de homenagear estes profissionais, exemplos de dedica\u00e7\u00e3o que, al\u00e9m de n\u00e3o esmoreceram,\u00a0 seguem doando todo o seu saber, toda a sua voca\u00e7\u00e3o ao of\u00edcio nobre de formar as pr\u00f3ximas gera\u00e7\u00f5es de juristas. Esta homenagem procura demonstrar de forma genu\u00edna a nossa mais profunda gratid\u00e3o\u201d, frisou Mar\u00edlia.<\/p>\n<p style=\"text-align: justify;\">Receberam a homenagem os professores Wagner Rocha D\u2019 Angelis (UTP), Celso Hiroshi\u00a0Iocohama (Unipar), Marcos Antonio Campanelli (UEL), Gilberto Giacoia (UEMP), Manoel Caetano Ferreira Filho (UFPR), Luiz Fernando Bellinetti\u00a0(UEL), Sonia Let\u00edcia de Mello Cardoso (UEM), Lu\u00eds Alexandre Carta Winter (PUC-PR), Ubirajara Carlos Mendes (UEPG), Vicente Paulo\u00a0Hajaki\u00a0Ribas (UEPG), Elimar Szaniawski (UFPR), Eloete Camilli Oliveira (PUC-PR), Luiz Alberto Ara\u00fajo (UEM), Ezequias Losso (Unicuritiba) e Mansur Te\u00f3filo Mansur (Unicuritiba).<\/p>\n<p style=\"text-align: justify;\">O professor Mansur Te\u00f3filo Mansur, um dos docentes mais antigos em atividade no estado, fez o agradecimento em nome dos homenageados. \u201cS\u00e3o 50 anos de atividade no magist\u00e9rio e 60 anos de inscri\u00e7\u00e3o na OAB que ser\u00e3o completados no in\u00edcio de janeiro . Nesta condi\u00e7\u00e3o fui convidado para participar deste evento. \u00a0O meu discurso \u00e9 uma homenagem a todos os meus colegas que trilharam o caminho do magist\u00e9rio. O magist\u00e9rio que trouxe para os bancos escolares a tradi\u00e7\u00e3o dos professores paranaenses, deixando um acervo nestes 50 anos de 18 mil ex-alunos. Eles s\u00e3o maravilhosos. At\u00e9 hoje, quando nos encontramos, lembramos das \u00e9pocas que passaram. O meu caso com a Faculdade de Direito de Curitiba \u00e9 de amor\u201d, afirmou emocionado.<\/p>\n<p style=\"text-align: justify;\">\u201cHoje, colegas, estamos prestigiando os pilares das academias de direito paranaense. Olhamos para tr\u00e1s e para os lados e nos vemos respons\u00e1veis pela forma\u00e7\u00e3o dos operadores do direito. Somos respons\u00e1veis tamb\u00e9m por olhar para frente de maneira progressiva, para que as pr\u00f3ximas gera\u00e7\u00f5es promovam as necess\u00e1rias reformas estruturais que urgem nas ci\u00eancias jur\u00eddicas. Buscamos por uma sociedade mais livre, justa e solid\u00e1ria. Temos a certeza de que os ensinamentos proferidos pelos presentes foram tirados de dentro da melhor doutrina do bem\u201d, defendeu Mansur.<\/p>\n<p style=\"text-align: justify;\">Tamb\u00e9m estiveram presentes no evento o ex-presidente da OAB Paran\u00e1, Newton Jos\u00e9 de Sisti, a secret\u00e1ria-geral Marilena Winter, a coordenadora da ESA Graciela Marins, o presidente da Comiss\u00e3o de Educa\u00e7\u00e3o Jur\u00eddica da seccional, Rodrigo Sanchez R\u00edos, a presidente da Comiss\u00e3o de Est\u00e1gio e Exame de Ordem, Juliana Colle Bretas.<\/p>\n<p><em>Fonte: <a href=\"http:\/\/www.oabpr.org.br\/reconhecimento-decanos-do-magisterio-das-faculdades-de-direito-mais-antigas-do-estado-recebem-homenagem-da-oab-parana\/\" target=\"_blank\" rel=\"noopener\">http:\/\/www.oabpr.org.br\/reconhecimento-decanos-do-magisterio-das-faculdades-de-direito-mais-antigas-do-estado-recebem-homenagem-da-oab-parana\/<\/a><\/em><\/p>\n<!-- AddThis Advanced Settings generic via filter on the_content --><!-- AddThis Share Buttons generic via filter on the_content -->","protected":false},"excerpt":{"rendered":"<p>Uma homenagem aos decanos do magist\u00e9rio das faculdades de Direito mais antigas do estado marcou o encerramento do\u00a0II Encontro Estadual dos Professores de Direito do Paran\u00e1. O segundo dia do evento promovido pelas comiss\u00f5es de Educa\u00e7\u00e3o Jur\u00eddica e de Est\u00e1gio e Exame de Ordem tamb\u00e9m foi marcado pelo lan\u00e7amento do Pr\u00eamio de Boa Pr\u00e1ticas de [&hellip;]<!-- AddThis Advanced Settings generic via filter on wp_trim_excerpt --><!-- AddThis Share Buttons generic via filter on wp_trim_excerpt --><\/p>\n","protected":false},"author":2,"featured_media":1345,"comment_status":"closed","ping_status":"open","sticky":false,"template":"","format":"standard","meta":{"footnotes":""},"categories":[5],"tags":[219,222,220,221],"class_list":["post-1344","post","type-post","status-publish","format-standard","has-post-thumbnail","hentry","category-sinpes","tag-aloisio-surgik","tag-homenagem","tag-ii-encontro-estadual-dos-professores-de-direito-do-parana","tag-oab-pr"],"_links":{"self":[{"href":"https:\/\/sinpes.org.br\/site\/wp-json\/wp\/v2\/posts\/1344","targetHints":{"allow":["GET"]}}],"collection":[{"href":"https:\/\/sinpes.org.br\/site\/wp-json\/wp\/v2\/posts"}],"about":[{"href":"https:\/\/sinpes.org.br\/site\/wp-json\/wp\/v2\/types\/post"}],"author":[{"embeddable":true,"href":"https:\/\/sinpes.org.br\/site\/wp-json\/wp\/v2\/users\/2"}],"replies":[{"embeddable":true,"href":"https:\/\/sinpes.org.br\/site\/wp-json\/wp\/v2\/comments?post=1344"}],"version-history":[{"count":9,"href":"https:\/\/sinpes.org.br\/site\/wp-json\/wp\/v2\/posts\/1344\/revisions"}],"predecessor-version":[{"id":1354,"href":"https:\/\/sinpes.org.br\/site\/wp-json\/wp\/v2\/posts\/1344\/revisions\/1354"}],"wp:featuredmedia":[{"embeddable":true,"href":"https:\/\/sinpes.org.br\/site\/wp-json\/wp\/v2\/media\/1345"}],"wp:attachment":[{"href":"https:\/\/sinpes.org.br\/site\/wp-json\/wp\/v2\/media?parent=1344"}],"wp:term":[{"taxonomy":"category","embeddable":true,"href":"https:\/\/sinpes.org.br\/site\/wp-json\/wp\/v2\/categories?post=1344"},{"taxonomy":"post_tag","embeddable":true,"href":"https:\/\/sinpes.org.br\/site\/wp-json\/wp\/v2\/tags?post=1344"}],"curies":[{"name":"wp","href":"https:\/\/api.w.org\/{rel}","templated":true}]}}