{"id":1338,"date":"2017-10-04T15:10:03","date_gmt":"2017-10-04T18:10:03","guid":{"rendered":"http:\/\/sinpes.org.br\/site\/?p=1338"},"modified":"2017-10-05T21:44:08","modified_gmt":"2017-10-06T00:44:08","slug":"silencio-da-facel-preocupa-docentes","status":"publish","type":"post","link":"https:\/\/sinpes.org.br\/site\/silencio-da-facel-preocupa-docentes\/","title":{"rendered":"Sil\u00eancio da Facel Preocupa Docentes"},"content":{"rendered":"<p style=\"text-align: justify;\">Os professores da Faculdade de Administra\u00e7\u00e3o, Ci\u00eancias, Educa\u00e7\u00e3o e Letras \u2013 FACEL \u2013 ainda n\u00e3o receberam a integralidade dos sal\u00e1rios pendentes de julho e de agosto de 2017.<!--more--><\/p>\n<p style=\"text-align: justify;\">O Sindicato encaminhou of\u00edcio para a Institui\u00e7\u00e3o de Ensino no dia 22 de setembro de 2017 a fim de comunicar que pela unanimidade dos presentes em assembleia regularmente reunida no dia 20.09.2017, ficou deliberada a manuten\u00e7\u00e3o do \u201cestado de greve\u201d com o cumprimento de todas as atividades inerentes ao v\u00ednculo de emprego, como forma de persuadir o pagamento integral dos sal\u00e1rios pendentes at\u00e9 o dia 07.10.2017, data em que a categoria reunir-se-\u00e1 para avaliar a efic\u00e1cia das provid\u00eancias j\u00e1 tomadas e para ado\u00e7\u00e3o de novas medidas.<\/p>\n<p style=\"text-align: justify;\">\u00a0Ocorre que at\u00e9 o momento os dirigentes da empregadora se mantiveram inertes, nem promovendo o pagamento dos valores em atraso, nem apresentando nenhuma proposta para cessar o \u201cestado de greve\u201d que perdura h\u00e1 semanas.<\/p>\n<p style=\"text-align: justify;\">Tal posicionamento da Institui\u00e7\u00e3o preocupa os docentes, pois com o andar da carruagem, \u00e9 muito prov\u00e1vel que o sal\u00e1rio do m\u00eas de setembro tamb\u00e9m n\u00e3o seja pago pela Institui\u00e7\u00e3o de Ensino.<\/p>\n<p style=\"text-align: justify;\">Al\u00e9m disso, nas \u00faltimas semanas, a FACEL demitiu diversos professores que atuavam na lideran\u00e7a do movimento, atitude essa que deixou os docentes ainda mais revoltados com toda a situa\u00e7\u00e3o. Ao agir em repres\u00e1lia para com os docentes, a FACEL n\u00e3o honra o compromisso assumido com o Sinpes e agrava a crise, colocando lenha na fervura.<\/p>\n<p style=\"text-align: justify;\">O Sindicato aguarda a documenta\u00e7\u00e3o que ficou de ser entregue pelos alunos da FACEL para instruir a\u00e7\u00e3o judicial voltada para obter a tutela antecipada dos sal\u00e1rios atrasados.<\/p>\n<p style=\"text-align: justify;\"><strong>Diante desse cen\u00e1rio, o<\/strong> <strong>Sinpes convoca os Professores, Alunos e Auxiliares de Administra\u00e7\u00e3o Escolar da FACEL para Assembleia Geral a ser realizada em 11.10.2017, quarta-feira, no Hotel Roochelle localizado na Rua Tibagi, 307, \u00e0s 18h00min garantindo aos primeiros, o direito de voz e voto e, aos demais, direito de voz. Nessa ocasi\u00e3o ser\u00e1 analisada a possibilidade de se deflagrar greve por tempo indeterminado.<\/strong><\/p>\n<!-- AddThis Advanced Settings generic via filter on the_content --><!-- AddThis Share Buttons generic via filter on the_content -->","protected":false},"excerpt":{"rendered":"<p>Os professores da Faculdade de Administra\u00e7\u00e3o, Ci\u00eancias, Educa\u00e7\u00e3o e Letras \u2013 FACEL \u2013 ainda n\u00e3o receberam a integralidade dos sal\u00e1rios pendentes de julho e de agosto de 2017.<!-- AddThis Advanced Settings generic via filter on wp_trim_excerpt --><!-- AddThis Share Buttons generic via filter on wp_trim_excerpt --><\/p>\n","protected":false},"author":2,"featured_media":539,"comment_status":"closed","ping_status":"open","sticky":false,"template":"","format":"standard","meta":{"footnotes":""},"categories":[18,56,13],"tags":[57],"class_list":["post-1338","post","type-post","status-publish","format-standard","has-post-thumbnail","hentry","category-destaque","category-facel","category-home","tag-facel"],"_links":{"self":[{"href":"https:\/\/sinpes.org.br\/site\/wp-json\/wp\/v2\/posts\/1338","targetHints":{"allow":["GET"]}}],"collection":[{"href":"https:\/\/sinpes.org.br\/site\/wp-json\/wp\/v2\/posts"}],"about":[{"href":"https:\/\/sinpes.org.br\/site\/wp-json\/wp\/v2\/types\/post"}],"author":[{"embeddable":true,"href":"https:\/\/sinpes.org.br\/site\/wp-json\/wp\/v2\/users\/2"}],"replies":[{"embeddable":true,"href":"https:\/\/sinpes.org.br\/site\/wp-json\/wp\/v2\/comments?post=1338"}],"version-history":[{"count":2,"href":"https:\/\/sinpes.org.br\/site\/wp-json\/wp\/v2\/posts\/1338\/revisions"}],"predecessor-version":[{"id":1342,"href":"https:\/\/sinpes.org.br\/site\/wp-json\/wp\/v2\/posts\/1338\/revisions\/1342"}],"wp:featuredmedia":[{"embeddable":true,"href":"https:\/\/sinpes.org.br\/site\/wp-json\/wp\/v2\/media\/539"}],"wp:attachment":[{"href":"https:\/\/sinpes.org.br\/site\/wp-json\/wp\/v2\/media?parent=1338"}],"wp:term":[{"taxonomy":"category","embeddable":true,"href":"https:\/\/sinpes.org.br\/site\/wp-json\/wp\/v2\/categories?post=1338"},{"taxonomy":"post_tag","embeddable":true,"href":"https:\/\/sinpes.org.br\/site\/wp-json\/wp\/v2\/tags?post=1338"}],"curies":[{"name":"wp","href":"https:\/\/api.w.org\/{rel}","templated":true}]}}