{"id":1305,"date":"2017-09-28T10:50:12","date_gmt":"2017-09-28T13:50:12","guid":{"rendered":"http:\/\/sinpes.org.br\/site\/?p=1305"},"modified":"2017-09-28T11:45:25","modified_gmt":"2017-09-28T14:45:25","slug":"nota-de-falecimento-2","status":"publish","type":"post","link":"https:\/\/sinpes.org.br\/site\/nota-de-falecimento-2\/","title":{"rendered":"NOTA DE FALECIMENTO"},"content":{"rendered":"<p style=\"text-align: justify;\">\u00c9 com imenso pesar que a diretoria do Sinpes \u2013 Sindicato dos Professores de Ensino Superior de Curitiba e Regi\u00e3o Metropolitana \u2013 comunica o falecimento do seu presidente, professor ALO\u00cdSIO SURGIK, na manh\u00e3 desta quinta-feira, 28 de setembro de 2017, \u00e0s v\u00e9speras de completar 81 anos.<\/p>\n<p style=\"text-align: justify;\">Com os sentimentos de solidariedade \u00e0 fam\u00edlia, o Sinpes divulgar\u00e1, assim que poss\u00edvel, as informa\u00e7\u00f5es sobre o vel\u00f3rio e sepultamento.<\/p>\n<p style=\"text-align: justify;\">Surgik foi um defensor intransigente da democratiza\u00e7\u00e3o do Ensino Superior e da excel\u00eancia do ensino, figurando como o principal art\u00edfice das conquistas obtidas pela categoria dos professores nas duas \u00faltimas d\u00e9cadas.<\/p>\n<p style=\"text-align: justify;\"><img loading=\"lazy\" decoding=\"async\" class=\"home-thumb alignright wp-image-1311 size-medium\" src=\"http:\/\/sinpes.org.br\/site\/wp-content\/uploads\/2017\/09\/ALOISIO-SURGIK-1-200x300.jpg\" alt=\"\" width=\"200\" height=\"300\" srcset=\"https:\/\/sinpes.org.br\/site\/wp-content\/uploads\/2017\/09\/ALOISIO-SURGIK-1-200x300.jpg 200w, https:\/\/sinpes.org.br\/site\/wp-content\/uploads\/2017\/09\/ALOISIO-SURGIK-1.jpg 225w\" sizes=\"auto, (max-width: 200px) 100vw, 200px\" \/>At\u00e9 poucos dias antes de ser acometido por um Acidente Vascular Cerebral, h\u00e1 cerca de quatro meses, comparecia assiduamente a congressos internacionais, onde apresentava trabalhos de f\u00f4lego e lecionava apaixonadamente Direito Romano e Hist\u00f3ria do Direito na Universidade Tuiuti, na Faculdade de Direito de Curitiba, na Facinter, e na Universidade do Contestado, em Mafra- SC, para onde ia semanalmente dirigindo seu pr\u00f3prio ve\u00edculo.<\/p>\n<p style=\"text-align: justify;\">Entre as muitas lutas que marcaram o bom combate do Professor Alo\u00edsio Surgik est\u00e1 a sua reintegra\u00e7\u00e3o ao quadro de professores da Pontif\u00edcia Universidade Cat\u00f3lica na d\u00e9cada de 90, por decis\u00e3o da Justi\u00e7a do Trabalho e seus discursos inflamados contra os ped\u00e1gios nas rodovias estaduais e federais, incans\u00e1vel defensor da ampla e irrestrita liberdade dos cidad\u00e3os de ir e vir.<\/p>\n<p style=\"text-align: justify;\">A perda irrepar\u00e1vel aumenta a responsabilidade de seus companheiros de luta a levarem adiante as suas bandeiras!<\/p>\n<!-- AddThis Advanced Settings generic via filter on the_content --><!-- AddThis Share Buttons generic via filter on the_content -->","protected":false},"excerpt":{"rendered":"<p>\u00c9 com imenso pesar que a diretoria do Sinpes \u2013 Sindicato dos Professores de Ensino Superior de Curitiba e Regi\u00e3o Metropolitana \u2013 comunica o falecimento do seu presidente, professor ALO\u00cdSIO SURGIK, na manh\u00e3 desta quinta-feira, 28 de setembro de 2017, \u00e0s v\u00e9speras de completar 81 anos. Com os sentimentos de solidariedade \u00e0 fam\u00edlia, o Sinpes [&hellip;]<!-- AddThis Advanced Settings generic via filter on wp_trim_excerpt --><!-- AddThis Share Buttons generic via filter on wp_trim_excerpt --><\/p>\n","protected":false},"author":2,"featured_media":1306,"comment_status":"closed","ping_status":"open","sticky":false,"template":"","format":"standard","meta":{"footnotes":""},"categories":[13,5],"tags":[219,218],"class_list":["post-1305","post","type-post","status-publish","format-standard","has-post-thumbnail","hentry","category-home","category-sinpes","tag-aloisio-surgik","tag-nota-de-falecimento"],"_links":{"self":[{"href":"https:\/\/sinpes.org.br\/site\/wp-json\/wp\/v2\/posts\/1305","targetHints":{"allow":["GET"]}}],"collection":[{"href":"https:\/\/sinpes.org.br\/site\/wp-json\/wp\/v2\/posts"}],"about":[{"href":"https:\/\/sinpes.org.br\/site\/wp-json\/wp\/v2\/types\/post"}],"author":[{"embeddable":true,"href":"https:\/\/sinpes.org.br\/site\/wp-json\/wp\/v2\/users\/2"}],"replies":[{"embeddable":true,"href":"https:\/\/sinpes.org.br\/site\/wp-json\/wp\/v2\/comments?post=1305"}],"version-history":[{"count":10,"href":"https:\/\/sinpes.org.br\/site\/wp-json\/wp\/v2\/posts\/1305\/revisions"}],"predecessor-version":[{"id":1319,"href":"https:\/\/sinpes.org.br\/site\/wp-json\/wp\/v2\/posts\/1305\/revisions\/1319"}],"wp:featuredmedia":[{"embeddable":true,"href":"https:\/\/sinpes.org.br\/site\/wp-json\/wp\/v2\/media\/1306"}],"wp:attachment":[{"href":"https:\/\/sinpes.org.br\/site\/wp-json\/wp\/v2\/media?parent=1305"}],"wp:term":[{"taxonomy":"category","embeddable":true,"href":"https:\/\/sinpes.org.br\/site\/wp-json\/wp\/v2\/categories?post=1305"},{"taxonomy":"post_tag","embeddable":true,"href":"https:\/\/sinpes.org.br\/site\/wp-json\/wp\/v2\/tags?post=1305"}],"curies":[{"name":"wp","href":"https:\/\/api.w.org\/{rel}","templated":true}]}}