{"id":1301,"date":"2017-09-22T15:53:01","date_gmt":"2017-09-22T18:53:01","guid":{"rendered":"http:\/\/sinpes.org.br\/site\/?p=1301"},"modified":"2017-09-22T15:53:01","modified_gmt":"2017-09-22T18:53:01","slug":"professores-decidem-pela-manutencao-do-estado-de-greve","status":"publish","type":"post","link":"https:\/\/sinpes.org.br\/site\/professores-decidem-pela-manutencao-do-estado-de-greve\/","title":{"rendered":"Professores Decidem pela Manuten\u00e7\u00e3o do \u201cEstado de Greve\u201d"},"content":{"rendered":"<p style=\"text-align: justify;\">Os professores da Facel reuniram-se em Assembleia Geral \u00e0s 18h00min do dia 20.09.2017 no Hotel Roochelle, e deliberaram pela manuten\u00e7\u00e3o do \u201cestado de greve\u201d e ado\u00e7\u00e3o de outras provid\u00eancias a respeito do atraso salarial sofrido pelos docentes.<\/p>\n<p style=\"text-align: justify;\">Em que pese alertada sobre as graves condi\u00e7\u00f5es representadas pelo n\u00e3o pagamento dos sal\u00e1rios desde julho de 2017 at\u00e9 o momento os dirigentes da FACEL n\u00e3o se posicionaram de forma concreta no sentido de regularizar essa situa\u00e7\u00e3o.<\/p>\n<p style=\"text-align: justify;\">Analisando a atual situa\u00e7\u00e3o da Institui\u00e7\u00e3o, os docentes conclu\u00edram pela manuten\u00e7\u00e3o do \u201cestado de greve\u201d, posicionamento que consiste numa esp\u00e9cie de alerta acerca da situa\u00e7\u00e3o aflitiva representava pelo atraso salarial contumaz com o prosseguimento das atividades do v\u00ednculo de emprego.<\/p>\n<p style=\"text-align: justify;\">Ficou ainda estabelecido que o Sindicato ajuizar\u00e1 a\u00e7\u00e3o trabalhista com pedido de tutela antecipada pleiteando o pagamento integral dos sal\u00e1rios vencidos de julho e agosto e vincendos a partir de setembro de 2017 com pedido de bloqueio do cr\u00e9dito da Facel perante os alunos pagantes em favor da quita\u00e7\u00e3o dos sal\u00e1rios.<\/p>\n<p style=\"text-align: justify;\">Para instruir a a\u00e7\u00e3o os alunos presentes na assembleia comprometeram-se a encaminhar rela\u00e7\u00e3o individualizada de cada per\u00edodo dos diversos cursos com a identifica\u00e7\u00e3o dos alunos pagantes e dos valores que t\u00eam sido pagos mensalmente.<\/p>\n<p style=\"text-align: justify;\">A categoria reunir-se-\u00e1 em assembleia geral no dia 07.10.2017 \u00e0s 11h00min para avaliar a efic\u00e1cia das provid\u00eancias j\u00e1 tomadas e para discutir a ado\u00e7\u00e3o de novas medidas de persuas\u00e3o para a regulariza\u00e7\u00e3o do cr\u00f4nico problema.<\/p>\n<p style=\"text-align: justify;\">O Sinpes convoca desde j\u00e1 Professores, Alunos e Auxiliares de Administra\u00e7\u00e3o Escolar da Facel para Assembleia Geral a ser realizada em 07.10.2017, s\u00e1bado, no Hotel Roochelle localizado na Rua Tibagi, 307 \u00e0s 11h00min garantindo aos primeiros o direito de voz e voto e aos demais direito de voz.<\/p>\n<p style=\"text-align: justify;\">\n<p style=\"text-align: justify;\"><strong>Diretoria do Sinpes<\/strong><\/p>\n<p>&nbsp;<\/p>\n<!-- AddThis Advanced Settings generic via filter on the_content --><!-- AddThis Share Buttons generic via filter on the_content -->","protected":false},"excerpt":{"rendered":"<p>Os professores da Facel reuniram-se em Assembleia Geral \u00e0s 18h00min do dia 20.09.2017 no Hotel Roochelle, e deliberaram pela manuten\u00e7\u00e3o do \u201cestado de greve\u201d e ado\u00e7\u00e3o de outras provid\u00eancias a respeito do atraso salarial sofrido pelos docentes. Em que pese alertada sobre as graves condi\u00e7\u00f5es representadas pelo n\u00e3o pagamento dos sal\u00e1rios desde julho de 2017 [&hellip;]<!-- AddThis Advanced Settings generic via filter on wp_trim_excerpt --><!-- AddThis Share Buttons generic via filter on wp_trim_excerpt --><\/p>\n","protected":false},"author":2,"featured_media":0,"comment_status":"closed","ping_status":"open","sticky":false,"template":"","format":"standard","meta":{"footnotes":""},"categories":[56],"tags":[57,83],"class_list":["post-1301","post","type-post","status-publish","format-standard","hentry","category-facel","tag-facel","tag-greve"],"_links":{"self":[{"href":"https:\/\/sinpes.org.br\/site\/wp-json\/wp\/v2\/posts\/1301","targetHints":{"allow":["GET"]}}],"collection":[{"href":"https:\/\/sinpes.org.br\/site\/wp-json\/wp\/v2\/posts"}],"about":[{"href":"https:\/\/sinpes.org.br\/site\/wp-json\/wp\/v2\/types\/post"}],"author":[{"embeddable":true,"href":"https:\/\/sinpes.org.br\/site\/wp-json\/wp\/v2\/users\/2"}],"replies":[{"embeddable":true,"href":"https:\/\/sinpes.org.br\/site\/wp-json\/wp\/v2\/comments?post=1301"}],"version-history":[{"count":1,"href":"https:\/\/sinpes.org.br\/site\/wp-json\/wp\/v2\/posts\/1301\/revisions"}],"predecessor-version":[{"id":1302,"href":"https:\/\/sinpes.org.br\/site\/wp-json\/wp\/v2\/posts\/1301\/revisions\/1302"}],"wp:attachment":[{"href":"https:\/\/sinpes.org.br\/site\/wp-json\/wp\/v2\/media?parent=1301"}],"wp:term":[{"taxonomy":"category","embeddable":true,"href":"https:\/\/sinpes.org.br\/site\/wp-json\/wp\/v2\/categories?post=1301"},{"taxonomy":"post_tag","embeddable":true,"href":"https:\/\/sinpes.org.br\/site\/wp-json\/wp\/v2\/tags?post=1301"}],"curies":[{"name":"wp","href":"https:\/\/api.w.org\/{rel}","templated":true}]}}