{"id":1291,"date":"2017-09-14T19:29:25","date_gmt":"2017-09-14T22:29:25","guid":{"rendered":"http:\/\/sinpes.org.br\/site\/?p=1291"},"modified":"2017-09-14T19:29:25","modified_gmt":"2017-09-14T22:29:25","slug":"professores-decidem-entrar-em-estado-de-greve","status":"publish","type":"post","link":"https:\/\/sinpes.org.br\/site\/professores-decidem-entrar-em-estado-de-greve\/","title":{"rendered":"Professores Decidem Entrar em  \u201cEstado de Greve\u201d"},"content":{"rendered":"<p style=\"text-align: justify;\">Os professores da Faculdade de Administra\u00e7\u00e3o, Ci\u00eancias, Educa\u00e7\u00e3o e Letras \u2013 FACEL \u2013 ainda n\u00e3o receberam a integralidade dos sal\u00e1rios pendentes de julho e de agosto de 2017.<\/p>\n<p style=\"text-align: justify;\">Os representantes da empregadora reuniram-se com o Sinpes na data de 13.09.2017. Nessa ocasi\u00e3o propuseram-se a regularizar as pend\u00eancias mediante pagamento do sal\u00e1rio integral do m\u00eas de Agosto de 2017 at\u00e9 a data de 22.09.2017, \u00a0realiza\u00e7\u00e3o de um aditamento ao acordo j\u00e1 entabulado entres as partes para pagamento das diferen\u00e7as salariais referentes ao m\u00eas de julho mediante libera\u00e7\u00e3o valores advindos do FIES ap\u00f3s a quita\u00e7\u00e3o total dos valores pendentes relativos aos anos de 2015 e 2016 e pagamento dos sal\u00e1rios dos meses de setembro e seguintes at\u00e9 o \u00faltimo dia \u00fatil do m\u00eas subsequente.<\/p>\n<p style=\"text-align: justify;\">Em 13.09.2017, o Sinpes reuniu-se em assembleia com os professores da FACEL para aprecia\u00e7\u00e3o da proposta feita pela empregadora, a qual foi rejeitada pela unanimidade dos presentes.<\/p>\n<p style=\"text-align: justify;\">Nessa ocasi\u00e3o os professores presentes deliberaram pelo estabelecimento de \u201cestado de greve\u201d com o cumprimento de todas as atividades inerentes ao v\u00ednculo de emprego. a partir de 18.09.2017 como forma de persuadir o pagamento integral dos sal\u00e1rios pendentes dos meses de julho e de agosto de 2017.<\/p>\n<p style=\"text-align: justify;\">Em caso de n\u00e3o pagamento integral desses valores at\u00e9 18h00min de 20.09.2017 restou deliberado que esse estado de greve se transformar\u00e1 em greve efetiva, j\u00e1 a partir de 19h00min de 20.09.2017.<\/p>\n<p style=\"text-align: justify;\">A categoria reunir-se-\u00e1 em assembleia geral extraordin\u00e1ria no dia 20.09.2017 \u00e0s 18h00min para promover a organiza\u00e7\u00e3o do movimento paredista, se necess\u00e1rio ou concluir pela desnecessidade da greve em caso de efetiva\u00e7\u00e3o do pagamento, podendo nesta ocasi\u00e3o adotar outras medidas suas\u00f3rias.<\/p>\n<p style=\"text-align: justify;\">Nessa oportunidade \u00e9 imprescind\u00edvel a participa\u00e7\u00e3o de todos os professores interessados a fim de viabilizar a organiza\u00e7\u00e3o de um movimento vitorioso que culmine na regulariza\u00e7\u00e3o definitiva da cr\u00f4nica pend\u00eancia salarial.<strong>\u00a0<\/strong><\/p>\n<p style=\"text-align: justify;\"><strong>O Sinpes convoca Professores, Alunos e Auxiliares de Administra\u00e7\u00e3o Escolar da Facel para essa Assembleia Geral a ser realizada em 20.09.2017 no Hotel Roochelle \u00e0s 18h00min garantindo aos primeiros o direito de voz e voto e aos demais direito de voz. <\/strong><\/p>\n<p style=\"text-align: justify;\">\n<p style=\"text-align: justify;\"><strong>Diretoria do Sinpes.<\/strong><\/p>\n<p>&nbsp;<\/p>\n<!-- AddThis Advanced Settings generic via filter on the_content --><!-- AddThis Share Buttons generic via filter on the_content -->","protected":false},"excerpt":{"rendered":"<p>Os professores da Faculdade de Administra\u00e7\u00e3o, Ci\u00eancias, Educa\u00e7\u00e3o e Letras \u2013 FACEL \u2013 ainda n\u00e3o receberam a integralidade dos sal\u00e1rios pendentes de julho e de agosto de 2017. Os representantes da empregadora reuniram-se com o Sinpes na data de 13.09.2017. Nessa ocasi\u00e3o propuseram-se a regularizar as pend\u00eancias mediante pagamento do sal\u00e1rio integral do m\u00eas de [&hellip;]<!-- AddThis Advanced Settings generic via filter on wp_trim_excerpt --><!-- AddThis Share Buttons generic via filter on wp_trim_excerpt --><\/p>\n","protected":false},"author":2,"featured_media":539,"comment_status":"closed","ping_status":"open","sticky":false,"template":"","format":"standard","meta":{"footnotes":""},"categories":[18,56],"tags":[57,83],"class_list":["post-1291","post","type-post","status-publish","format-standard","has-post-thumbnail","hentry","category-destaque","category-facel","tag-facel","tag-greve"],"_links":{"self":[{"href":"https:\/\/sinpes.org.br\/site\/wp-json\/wp\/v2\/posts\/1291","targetHints":{"allow":["GET"]}}],"collection":[{"href":"https:\/\/sinpes.org.br\/site\/wp-json\/wp\/v2\/posts"}],"about":[{"href":"https:\/\/sinpes.org.br\/site\/wp-json\/wp\/v2\/types\/post"}],"author":[{"embeddable":true,"href":"https:\/\/sinpes.org.br\/site\/wp-json\/wp\/v2\/users\/2"}],"replies":[{"embeddable":true,"href":"https:\/\/sinpes.org.br\/site\/wp-json\/wp\/v2\/comments?post=1291"}],"version-history":[{"count":1,"href":"https:\/\/sinpes.org.br\/site\/wp-json\/wp\/v2\/posts\/1291\/revisions"}],"predecessor-version":[{"id":1292,"href":"https:\/\/sinpes.org.br\/site\/wp-json\/wp\/v2\/posts\/1291\/revisions\/1292"}],"wp:featuredmedia":[{"embeddable":true,"href":"https:\/\/sinpes.org.br\/site\/wp-json\/wp\/v2\/media\/539"}],"wp:attachment":[{"href":"https:\/\/sinpes.org.br\/site\/wp-json\/wp\/v2\/media?parent=1291"}],"wp:term":[{"taxonomy":"category","embeddable":true,"href":"https:\/\/sinpes.org.br\/site\/wp-json\/wp\/v2\/categories?post=1291"},{"taxonomy":"post_tag","embeddable":true,"href":"https:\/\/sinpes.org.br\/site\/wp-json\/wp\/v2\/tags?post=1291"}],"curies":[{"name":"wp","href":"https:\/\/api.w.org\/{rel}","templated":true}]}}