{"id":1285,"date":"2017-09-14T19:24:00","date_gmt":"2017-09-14T22:24:00","guid":{"rendered":"http:\/\/sinpes.org.br\/site\/?p=1285"},"modified":"2017-09-14T19:26:56","modified_gmt":"2017-09-14T22:26:56","slug":"tuiuti-exemplos-a-serem-seguidos","status":"publish","type":"post","link":"https:\/\/sinpes.org.br\/site\/tuiuti-exemplos-a-serem-seguidos\/","title":{"rendered":"Tuiuti: Exemplos a Serem Seguidos"},"content":{"rendered":"<ol>\n<li><strong>GRATIFICA\u00c7\u00d5ES PELO DESEMPENHO DOS CURSOS<\/strong><\/li>\n<\/ol>\n<p style=\"text-align: justify;\">Ap\u00f3s intensa negocia\u00e7\u00e3o com o Sinpes, ainda com o concurso do ent\u00e3o Pr\u00f3-Reitor Administrativo Carlos Eduardo Rangel Santos, o popular Neneco, falecido precocemente em mar\u00e7o de 2017, a Universidade Tuiuti estabeleceu crit\u00e9rios objetivos para recompensar professores e coordenadores de cursos em face do desempenho obtido por ocasi\u00e3o das avalia\u00e7\u00f5es realizadas no \u00e2mbito do ENADE (Exame Nacional de Desempenho de Estudantes) e do CPC (Conceito Preliminar de Curso).<\/p>\n<p style=\"text-align: justify;\">A ideia inicial de gratificar exclusivamente os coordenadores (em valores anuais que podem chegar at\u00e9 a 300% do sal\u00e1rio bruto mensal para a hip\u00f3tese de avalia\u00e7\u00e3o m\u00e1xima em ambos os \u00edndices) foi, por apelo do Sinpes, estendida a todos os professores do curso bem avaliado no ENADE (70% por cento da m\u00e9dia salarial para os docentes do curso que obtiver nota 04 e 100% por cento para aqueles que auferirem nota m\u00e1xima).<\/p>\n<p style=\"text-align: justify;\">Para que os professores recebam a gratifica\u00e7\u00e3o basta que a nota do curso no ENADE seja igual ou superior a 4 e que o docente tenha sido ass\u00edduo no ano da avalia\u00e7\u00e3o, justificando e repondo todas as suas aus\u00eancias.<\/p>\n<p style=\"text-align: justify;\">Ao contr\u00e1rio do que acontece na PUCPR nenhuma mirabolante interfer\u00eancia na liberdade de c\u00e1tedra \u00e9 exigida para que se concretize o recebimento da vantagem.<\/p>\n<p style=\"text-align: justify;\">Tampouco se promove a redu\u00e7\u00e3o de direitos trabalhistas dos pr\u00f3prios professores para custear a gratifica\u00e7\u00e3o estabelecida. Os s\u00f3cios da Tuiuti disp\u00f5em-se a abrir m\u00e3o de parte do seu lucro para estimular a excel\u00eancia do ensino revelando vis\u00e3o capitalista l\u00facida a m\u00e9dio e a longo prazo ao contr\u00e1rio do que infelizmente se verifica na grande maioria das demais institui\u00e7\u00f5es de ensino superior, que revelam vis\u00e3o empresarial m\u00edope a curt\u00edssimo prazo.<\/p>\n<p style=\"text-align: justify;\">Eventuais rela\u00e7\u00f5es de compadrio que tanto atrapalham os objetivos pretendidos com premia\u00e7\u00f5es desse jaez igualmente s\u00e3o eliminadas na medida em que o valor ser\u00e1 pago a todos os professores e coordenadores dos cursos bem avaliados, sem quaisquer considera\u00e7\u00f5es de ordem subjetiva.<\/p>\n<p style=\"text-align: justify;\">Essa conquista do corpo docente da Tuiuti bem demonstra que mesmo em tempos de crise \u00e9 poss\u00edvel efetivamente privilegiar a excel\u00eancia do ensino e distribuir condignamente os frutos do esfor\u00e7o do Capital e do Trabalho de forma civilizada e decente.<\/p>\n<p style=\"text-align: justify;\">E coroa o esfor\u00e7o para sanear definitivamente um rela\u00e7\u00e3o que j\u00e1 foi muito dif\u00edcil entre os dirigentes da Universidade Tuiuti e o Sinpes, recomposta com boa dose de lealdade depositada por ambas as partes.<\/p>\n<ol style=\"text-align: justify;\" start=\"2\">\n<li><strong>F\u00c9RIAS ESCOLARES 2017\/2018:<\/strong><\/li>\n<\/ol>\n<p style=\"text-align: justify;\">Atendendo reivindica\u00e7\u00e3o hist\u00f3rica dos professores e dos dirigentes do Sinpes, o calend\u00e1rio escolar estabelecido pela Tuiuti para o ano de 2018 prev\u00ea in\u00edcio das aulas para o dia 19.02.2018, garantindo aos professores f\u00e9rias escolares condignas.<\/p>\n<p style=\"text-align: justify;\">Prevaleceu o bom senso na delimita\u00e7\u00e3o das f\u00e9rias escolares do per\u00edodo 2017\/2018, contrariando tend\u00eancia hist\u00f3rica na UTP, sempre uma das primeiras institui\u00e7\u00f5es de ensino privado a dar in\u00edcio ao ano letivo.<\/p>\n<p style=\"text-align: justify;\">A ado\u00e7\u00e3o de f\u00e9rias escolares compat\u00edveis com a complexidade e a penosidade das atividades dos professores foi conseguida na PUCPR a duras penas, ap\u00f3s intensa batalha judicial em rumorosa negocia\u00e7\u00e3o em que foram transacionadas diversas a\u00e7\u00f5es trabalhistas.<\/p>\n<p style=\"text-align: justify;\">O Dom Bosco mant\u00e9m-se intransigente sobre o tema, chegando ao ponto de maquiar seus calend\u00e1rios escolares parta camuflar altera\u00e7\u00e3o contratual prejudicial aos seus professores a respeito dessa mat\u00e9ria.<\/p>\n<p style=\"text-align: justify;\">Da\u00ed porque o Sinpes festeja a altera\u00e7\u00e3o promovida pelos dirigentes da UTP em favor da excel\u00eancia do ensino e do corpo discente e docente no particular, pugnando pela manuten\u00e7\u00e3o dessa diretriz para os anos vindouros.<\/p>\n<p>&nbsp;<\/p>\n<p style=\"text-align: justify;\"><strong>Diretoria do Sinpes.<\/strong><\/p>\n<p>&nbsp;<\/p>\n<p><a class=\"fasc-button fasc-size-medium fasc-type-glossy fasc-rounded-medium fasc-ico-before dashicons-admin-links\" style=\"background-color: #33809e; color: #ffffff;\" target=\"_blank\" href=\"http:\/\/sinpes.org.br\/site\/wp-content\/uploads\/2017\/09\/Resolucoes-CONSU.pdf\">Resolu\u00e7\u00f5es CONSU<\/a><\/p>\n<p>&nbsp;<\/p>\n<!-- AddThis Advanced Settings generic via filter on the_content --><!-- AddThis Share Buttons generic via filter on the_content -->","protected":false},"excerpt":{"rendered":"<p>GRATIFICA\u00c7\u00d5ES PELO DESEMPENHO DOS CURSOS Ap\u00f3s intensa negocia\u00e7\u00e3o com o Sinpes, ainda com o concurso do ent\u00e3o Pr\u00f3-Reitor Administrativo Carlos Eduardo Rangel Santos, o popular Neneco, falecido precocemente em mar\u00e7o de 2017, a Universidade Tuiuti estabeleceu crit\u00e9rios objetivos para recompensar professores e coordenadores de cursos em face do desempenho obtido por ocasi\u00e3o das avalia\u00e7\u00f5es realizadas [&hellip;]<!-- AddThis Advanced Settings generic via filter on wp_trim_excerpt --><!-- AddThis Share Buttons generic via filter on wp_trim_excerpt --><\/p>\n","protected":false},"author":2,"featured_media":0,"comment_status":"closed","ping_status":"open","sticky":false,"template":"","format":"standard","meta":{"footnotes":""},"categories":[18,12],"tags":[174],"class_list":["post-1285","post","type-post","status-publish","format-standard","hentry","category-destaque","category-tuiuti","tag-tuiuti"],"_links":{"self":[{"href":"https:\/\/sinpes.org.br\/site\/wp-json\/wp\/v2\/posts\/1285","targetHints":{"allow":["GET"]}}],"collection":[{"href":"https:\/\/sinpes.org.br\/site\/wp-json\/wp\/v2\/posts"}],"about":[{"href":"https:\/\/sinpes.org.br\/site\/wp-json\/wp\/v2\/types\/post"}],"author":[{"embeddable":true,"href":"https:\/\/sinpes.org.br\/site\/wp-json\/wp\/v2\/users\/2"}],"replies":[{"embeddable":true,"href":"https:\/\/sinpes.org.br\/site\/wp-json\/wp\/v2\/comments?post=1285"}],"version-history":[{"count":4,"href":"https:\/\/sinpes.org.br\/site\/wp-json\/wp\/v2\/posts\/1285\/revisions"}],"predecessor-version":[{"id":1290,"href":"https:\/\/sinpes.org.br\/site\/wp-json\/wp\/v2\/posts\/1285\/revisions\/1290"}],"wp:attachment":[{"href":"https:\/\/sinpes.org.br\/site\/wp-json\/wp\/v2\/media?parent=1285"}],"wp:term":[{"taxonomy":"category","embeddable":true,"href":"https:\/\/sinpes.org.br\/site\/wp-json\/wp\/v2\/categories?post=1285"},{"taxonomy":"post_tag","embeddable":true,"href":"https:\/\/sinpes.org.br\/site\/wp-json\/wp\/v2\/tags?post=1285"}],"curies":[{"name":"wp","href":"https:\/\/api.w.org\/{rel}","templated":true}]}}