{"id":1282,"date":"2017-09-14T19:18:56","date_gmt":"2017-09-14T22:18:56","guid":{"rendered":"http:\/\/sinpes.org.br\/site\/?p=1282"},"modified":"2017-09-28T15:52:14","modified_gmt":"2017-09-28T18:52:14","slug":"novo-plano-de-carreira-grupo-marista-resolve-fazer-omeletes-sem-quebrar-os-ovos","status":"publish","type":"post","link":"https:\/\/sinpes.org.br\/site\/novo-plano-de-carreira-grupo-marista-resolve-fazer-omeletes-sem-quebrar-os-ovos\/","title":{"rendered":"\u201cNovo\u201d Plano de Carreira?  Grupo Marista Resolve Fazer Omeletes sem Quebrar os Ovos"},"content":{"rendered":"<p style=\"text-align: justify;\">Causou estarrecimento e apreens\u00e3o aos professores da PUCPR a divulga\u00e7\u00e3o de um \u201cEdital de Convoca\u00e7\u00e3o para Elei\u00e7\u00f5es de Professores\u201d no dia 13.09.2017 com o objetivo de revisar o planode carreira docente, estabelecer novos crit\u00e9rios de avalia\u00e7\u00e3o dos professores para efeito de progress\u00e3o funcional e recebimento de est\u00edmulos, bem como implementar sistema de \u201cbolsas de qualidade no ensino e produtividade em pesquisa\u201d.<\/p>\n<p><!--more--><\/p>\n<p style=\"text-align: justify;\">Segundo se infere do teor do item 9.1.4 do referido Edital a inten\u00e7\u00e3o das autoridades universit\u00e1rias subscritoras do documento \u00e9 fazer gentileza com o chap\u00e9u alheio.<\/p>\n<p style=\"text-align: justify;\">A PUC n\u00e3o se prop\u00f5e a investir nenhum centavo na viabiliza\u00e7\u00e3o dos duvidosos benef\u00edcios propostos. A receita para tal resultaria exclusivamente da \u201crevis\u00e3o do plano de carreira\u201d com a implanta\u00e7\u00e3o unilateral de medidas draconianas de concentra\u00e7\u00e3o de renda tais como engenhosas \u201crescis\u00f5es parciais\u201d (eufemismo para legitimar redu\u00e7\u00f5es de carga hor\u00e1ria ao arrepio do convencionalmente estabelecido), elimina\u00e7\u00e3o a baixo custo dos professores mais experientes mediante aposentadoria compuls\u00f3ria e uma presum\u00edvel menor flexibilidade ou at\u00e9 mesmo congelamento das progress\u00f5es e promo\u00e7\u00f5es funcionais.<\/p>\n<p style=\"text-align: justify;\">A aparente postura democr\u00e1tica representada pelo estabelecimento de uma Comiss\u00e3o Especial de Carreira Docente com 11 professores eleitos pelos seus pares n\u00e3o passa de triste encena\u00e7\u00e3o. Sequer foram garantidos aos corajosos (ou subservientes) professores que ousarem se candidatar para o posto garantia de seus empregos. Nem mesmo se cogita de n\u00e3o serem demitidos em repres\u00e1lia a opini\u00f5es externadas nos debates do colegiado. Ao contr\u00e1rio, soa amea\u00e7ador o item 6.2 do Edital, prevendo a poss\u00edvel substitui\u00e7\u00e3o \u201cna hip\u00f3tese de t\u00e9rmino do v\u00ednculo docente junto \u00e0 PUCPR\u201d.<\/p>\n<p style=\"text-align: justify;\">Como se v\u00ea, uma vez fixados de forma unilateral os par\u00e2metros da atua\u00e7\u00e3o dessa Comiss\u00e3o, pouco ou nada poder\u00e3o fazer de bom para os colegas sen\u00e3o desvestir um santo para cobrir outro, trocando o certo pelo duvidoso.<\/p>\n<p style=\"text-align: justify;\">Como \u201cSeguro morreu de velho\u201d, o Sinpes, no acordo coletivo pactuado com a APC no ano de 2014, ao mesmo tempo em que fez grandes concess\u00f5es dando quita\u00e7\u00e3o de um enorme passivo trabalhista de dezenas de milh\u00f5es de reais, obteve em troca a garantia de que as importantes conquistas amealhadas naquele documento n\u00e3o poderiam ser revogadas unilateralmente por administradores desprovidos de lealdade para com os compromissos ent\u00e3o assumidos por ambas as partes.<\/p>\n<p style=\"text-align: justify;\">\u00c9 o que se depreende do teor da cl\u00e1usula 37 daquele ajuste, que assevera valerem \u201ccomo declara\u00e7\u00f5es unilaterais de vontade, os compromissos assumidos para datas posteriores ao termo final referido enquanto as mat\u00e9rias respectivas n\u00e3o forem objeto de renegocia\u00e7\u00e3o coletiva\u201d.<\/p>\n<p style=\"text-align: justify;\">Como em nenhum momento as progress\u00f5es, as ascens\u00f5es e as avalia\u00e7\u00f5es foram limitadas no tempo (ao contr\u00e1rio, foram previstas para todo o m\u00eas de maio ou todo o m\u00eas de dezembro, indefinidamente, conforme o caso), por \u00f3bvio que o necess\u00e1rio aperfei\u00e7oamento do plano de cargos e sal\u00e1rios e do sistema de avalia\u00e7\u00f5es passa necessariamente pelo di\u00e1logo com o SINPES. E \u00e9 salutar que assim seja, pois o temor da perda do emprego em tempos de crise naturalmente impede a livre discuss\u00e3o no \u00e2mbito da comiss\u00e3o estabelecida pelo Edital.<\/p>\n<p style=\"text-align: justify;\">Ainda que assim n\u00e3o se entenda, a pr\u00f3pria PUC encarregou-se de estender por via da norma regulamentar (Ato Normativo 01\/2012) os direitos e garantias estabelecidos pelo plano de carreira vigente a todos os professores, n\u00e3o havendo como juridicamente, \u00e0 luz do que estabelece a S\u00famula 51-TST<a href=\"#_ftn1\" name=\"_ftnref1\">[1]<\/a> e o artigo 468 da CLT, alterar as regras que garantem o enquadramento funcional, as avalia\u00e7\u00f5es, ascens\u00f5es e progress\u00f5es funcionais.<\/p>\n<p style=\"text-align: justify;\">Diante desse quadro das duas uma: ou o Grupo Marista est\u00e1 muito mal assessorado e se afunda em mais um imenso passivo trabalhista ou apenas pretende fazer uma encena\u00e7\u00e3o de que estaria tentando ampliar as gratifica\u00e7\u00f5es de resultado garantidas aos integrantes da c\u00fapula da PUC\/PR.<\/p>\n<p style=\"text-align: justify;\">Qualquer que seja a resposta a essa indaga\u00e7\u00e3o, reputa-se pat\u00e9tica a postura das autoridades universit\u00e1rias que se prestaram a subscrever o melanc\u00f3lico documento.<\/p>\n<p style=\"text-align: justify;\"><strong>Diretoria do Sinpes.\u00a0 <\/strong><\/p>\n<p>&nbsp;<\/p>\n<p style=\"text-align: justify;\"><a href=\"#_ftnref1\" name=\"_ftn1\"><strong>[1]<\/strong><\/a><strong> I &#8211; As cl\u00e1usulas regulamentares, que revoguem ou alterem vantagens deferidas anteriormente, s\u00f3 atingir\u00e3o os trabalhadores admitidos ap\u00f3s a revoga\u00e7\u00e3o ou altera\u00e7\u00e3o do regulamento.<\/strong><\/p>\n<!-- AddThis Advanced Settings generic via filter on the_content --><!-- AddThis Share Buttons generic via filter on the_content -->","protected":false},"excerpt":{"rendered":"<p>Causou estarrecimento e apreens\u00e3o aos professores da PUCPR a divulga\u00e7\u00e3o de um \u201cEdital de Convoca\u00e7\u00e3o para Elei\u00e7\u00f5es de Professores\u201d no dia 13.09.2017 com o objetivo de revisar o planode carreira docente, estabelecer novos crit\u00e9rios de avalia\u00e7\u00e3o dos professores para efeito de progress\u00e3o funcional e recebimento de est\u00edmulos, bem como implementar sistema de \u201cbolsas de qualidade [&hellip;]<!-- AddThis Advanced Settings generic via filter on wp_trim_excerpt --><!-- AddThis Share Buttons generic via filter on wp_trim_excerpt --><\/p>\n","protected":false},"author":2,"featured_media":1297,"comment_status":"closed","ping_status":"open","sticky":false,"template":"","format":"standard","meta":{"footnotes":""},"categories":[18,13,2],"tags":[217,216],"class_list":["post-1282","post","type-post","status-publish","format-standard","has-post-thumbnail","hentry","category-destaque","category-home","category-puc","tag-grupo-marista","tag-plano-de-carreira"],"_links":{"self":[{"href":"https:\/\/sinpes.org.br\/site\/wp-json\/wp\/v2\/posts\/1282","targetHints":{"allow":["GET"]}}],"collection":[{"href":"https:\/\/sinpes.org.br\/site\/wp-json\/wp\/v2\/posts"}],"about":[{"href":"https:\/\/sinpes.org.br\/site\/wp-json\/wp\/v2\/types\/post"}],"author":[{"embeddable":true,"href":"https:\/\/sinpes.org.br\/site\/wp-json\/wp\/v2\/users\/2"}],"replies":[{"embeddable":true,"href":"https:\/\/sinpes.org.br\/site\/wp-json\/wp\/v2\/comments?post=1282"}],"version-history":[{"count":3,"href":"https:\/\/sinpes.org.br\/site\/wp-json\/wp\/v2\/posts\/1282\/revisions"}],"predecessor-version":[{"id":1299,"href":"https:\/\/sinpes.org.br\/site\/wp-json\/wp\/v2\/posts\/1282\/revisions\/1299"}],"wp:featuredmedia":[{"embeddable":true,"href":"https:\/\/sinpes.org.br\/site\/wp-json\/wp\/v2\/media\/1297"}],"wp:attachment":[{"href":"https:\/\/sinpes.org.br\/site\/wp-json\/wp\/v2\/media?parent=1282"}],"wp:term":[{"taxonomy":"category","embeddable":true,"href":"https:\/\/sinpes.org.br\/site\/wp-json\/wp\/v2\/categories?post=1282"},{"taxonomy":"post_tag","embeddable":true,"href":"https:\/\/sinpes.org.br\/site\/wp-json\/wp\/v2\/tags?post=1282"}],"curies":[{"name":"wp","href":"https:\/\/api.w.org\/{rel}","templated":true}]}}