{"id":1259,"date":"2017-08-18T21:56:49","date_gmt":"2017-08-19T00:56:49","guid":{"rendered":"http:\/\/sinpes.org.br\/site\/?p=1259"},"modified":"2017-08-18T21:56:49","modified_gmt":"2017-08-19T00:56:49","slug":"irregularidades-persistem-na-facel","status":"publish","type":"post","link":"https:\/\/sinpes.org.br\/site\/irregularidades-persistem-na-facel\/","title":{"rendered":"Irregularidades Persistem na Facel"},"content":{"rendered":"<p style=\"text-align: justify;\">O Sinpes realizou acordo com a FACEL em 07\/07\/2017 para colocar fim \u00e0 greve dos professores e para garantir o pagamento dos sal\u00e1rios at\u00e9 o dia 10\/07\/2017, com os valores que foram e que ser\u00e3o arrecadados pelo FIES.<!--more--><\/p>\n<p style=\"text-align: justify;\">Por conta de percal\u00e7os burocr\u00e1ticos, esse valor ainda n\u00e3o se encontra \u00e0 disposi\u00e7\u00e3o dos professores, o que deve ocorrer nos pr\u00f3ximos dias.<\/p>\n<p style=\"text-align: justify;\">Segundo combinado entre as partes quando da celebra\u00e7\u00e3o do ajuste, de acordo com o estabelecido em lei, os 20 dias do m\u00eas de julho restantes deveriam ter sido pagos at\u00e9 o quinto dia \u00fatil de agosto, o que n\u00e3o ocorreu.<\/p>\n<p style=\"text-align: justify;\">Em reuni\u00e3o realizada com a advogada da FACEL em 14\/08\/2017, essa noticiou que a Institui\u00e7\u00e3o n\u00e3o tem condi\u00e7\u00f5es de efetuar o pagamento do saldo restante do m\u00eas de julho, o qual somente poder\u00e1 ser pago junto com o sal\u00e1rio de agosto no 5\u00ba dia \u00fatil do m\u00eas de setembro.<\/p>\n<p style=\"text-align: justify;\">Preocupado com a situa\u00e7\u00e3o, o Sindicato convocou as lideran\u00e7as dos docentes para reuni\u00e3o em 16\/08\/2017, para discutir as provid\u00eancias a serem tomadas.<\/p>\n<p style=\"text-align: justify;\">Ap\u00f3s ampla discuss\u00e3o, os docentes resolveram aguardar at\u00e9 o 5\u00ba dia \u00fatil do m\u00eas de setembro para que a Institui\u00e7\u00e3o cumpra a promessa de regularizar o sal\u00e1rio atrasado e por em dia as pend\u00eancias.<\/p>\n<p style=\"text-align: justify;\"><strong>\u00a0Caso assim n\u00e3o proceda, ficou estabelecido que o Sinpes convocar\u00e1 Assembleia Geral com os docentes da FACEL para o <\/strong><strong>dia 13 de setembro de 2017, \u00e0s 19h30min, no Hotel Roochele, situado \u00e0 Rua Tibagi, n\u00ba 307, para deliberar sobre as provid\u00eancias a serem adotadas em decorr\u00eancia de mais esse atraso salarial. <\/strong><\/p>\n<p style=\"text-align: justify;\">Na ocasi\u00e3o poder\u00e1 ser deflagrada nova greve por tempo indeterminado.<\/p>\n<p style=\"text-align: justify;\">Com direito \u00e0 voz, mas n\u00e3o a voto, s\u00e3o bem-vindos tamb\u00e9m, os empregados n\u00e3o docentes e os alunos da institui\u00e7\u00e3o, sempre solid\u00e1rios com os seus professores.<\/p>\n<p>&nbsp;<\/p>\n<p>&nbsp;<\/p>\n<!-- AddThis Advanced Settings generic via filter on the_content --><!-- AddThis Share Buttons generic via filter on the_content -->","protected":false},"excerpt":{"rendered":"<p>O Sinpes realizou acordo com a FACEL em 07\/07\/2017 para colocar fim \u00e0 greve dos professores e para garantir o pagamento dos sal\u00e1rios at\u00e9 o dia 10\/07\/2017, com os valores que foram e que ser\u00e3o arrecadados pelo FIES.<!-- AddThis Advanced Settings generic via filter on wp_trim_excerpt --><!-- AddThis Share Buttons generic via filter on wp_trim_excerpt --><\/p>\n","protected":false},"author":2,"featured_media":539,"comment_status":"closed","ping_status":"open","sticky":false,"template":"","format":"standard","meta":{"footnotes":""},"categories":[13],"tags":[57,212],"class_list":["post-1259","post","type-post","status-publish","format-standard","has-post-thumbnail","hentry","category-home","tag-facel","tag-irregularidades"],"_links":{"self":[{"href":"https:\/\/sinpes.org.br\/site\/wp-json\/wp\/v2\/posts\/1259","targetHints":{"allow":["GET"]}}],"collection":[{"href":"https:\/\/sinpes.org.br\/site\/wp-json\/wp\/v2\/posts"}],"about":[{"href":"https:\/\/sinpes.org.br\/site\/wp-json\/wp\/v2\/types\/post"}],"author":[{"embeddable":true,"href":"https:\/\/sinpes.org.br\/site\/wp-json\/wp\/v2\/users\/2"}],"replies":[{"embeddable":true,"href":"https:\/\/sinpes.org.br\/site\/wp-json\/wp\/v2\/comments?post=1259"}],"version-history":[{"count":1,"href":"https:\/\/sinpes.org.br\/site\/wp-json\/wp\/v2\/posts\/1259\/revisions"}],"predecessor-version":[{"id":1260,"href":"https:\/\/sinpes.org.br\/site\/wp-json\/wp\/v2\/posts\/1259\/revisions\/1260"}],"wp:featuredmedia":[{"embeddable":true,"href":"https:\/\/sinpes.org.br\/site\/wp-json\/wp\/v2\/media\/539"}],"wp:attachment":[{"href":"https:\/\/sinpes.org.br\/site\/wp-json\/wp\/v2\/media?parent=1259"}],"wp:term":[{"taxonomy":"category","embeddable":true,"href":"https:\/\/sinpes.org.br\/site\/wp-json\/wp\/v2\/categories?post=1259"},{"taxonomy":"post_tag","embeddable":true,"href":"https:\/\/sinpes.org.br\/site\/wp-json\/wp\/v2\/tags?post=1259"}],"curies":[{"name":"wp","href":"https:\/\/api.w.org\/{rel}","templated":true}]}}