{"id":1250,"date":"2017-07-12T14:04:42","date_gmt":"2017-07-12T17:04:42","guid":{"rendered":"http:\/\/sinpes.org.br\/site\/?p=1250"},"modified":"2017-08-18T22:01:22","modified_gmt":"2017-08-19T01:01:22","slug":"analise-do-advogado-daniel-godoy-junior-sobre-a-aprovacao-da-reforma-trabalhista","status":"publish","type":"post","link":"https:\/\/sinpes.org.br\/site\/analise-do-advogado-daniel-godoy-junior-sobre-a-aprovacao-da-reforma-trabalhista\/","title":{"rendered":"An\u00e1lise do Advogado Daniel Godoy Junior sobre a Aprova\u00e7\u00e3o da Reforma Trabalhista"},"content":{"rendered":"<p style=\"text-align: justify;\">A reforma trabalhista \u00e9 apenas uma das faces do golpismo. O capital internacional n\u00e3o d\u00e1 nenhuma import\u00e2ncia ao conceito de na\u00e7\u00e3o. Apenas os ignorantes pol\u00edticos e os mal intencionados imaginam que esta reforma vai trazer mais empregos e dignidade ao povo. Pelo contr\u00e1rio.<\/p>\n<p style=\"text-align: justify;\">Com a precariza\u00e7\u00e3o e os direitos sonegados, s\u00f3 v\u00e3o aumentar a hecatombe econ\u00f4mica, a viol\u00eancia social e a mis\u00e9ria. Os pequenos e m\u00e9dios empres\u00e1rios &#8211; cativos do mercado interno &#8211; n\u00e3o v\u00e3o ter um mercado consumidor para seus produtos e servi\u00e7os.<\/p>\n<p style=\"text-align: justify;\">Os grandes empres\u00e1rios, endividados, ser\u00e3o levados a se submeter aos interesses internacionais, sem nenhum prote\u00e7\u00e3o do Estado brasileiro. A competitividade decantada ser\u00e1 apenas em benef\u00edcio do setor exportador, com a m\u00e3o-de-obra miser\u00e1vel.<\/p>\n<p style=\"text-align: justify;\">O pr\u00f3ximo presidente, herdar\u00e1 um pa\u00eds conturbado, com a ampla maioria da popula\u00e7\u00e3o com seus direitos sociais sendo violados cada vez mais. O Congresso esp\u00fario &#8211; ileg\u00edtimo e resultado da captura do Estado pelo capital, de forma aberta e despudorada &#8211; perder\u00e1 cada vez mais relev\u00e2ncia. O Judici\u00e1rio, cada vez ais elitistas, ter\u00e1 o papel de &#8211; ap\u00f3s a judicializa\u00e7\u00e3o do desmonte &#8211; assegur\u00e1-lo.<\/p>\n<p style=\"text-align: justify;\">Estamos avan\u00e7ando celeremente para uma descren\u00e7a total nas institui\u00e7\u00f5es do Estado e da sociedade civil, incluindo a m\u00eddia oligopolizada. A pr\u00f3xima disputa eleitoral tende a repetir os resultados das elei\u00e7\u00f5es europ\u00e9ias, alt\u00edssima absten\u00e7\u00e3o e grande n\u00famero de votos brancos e nulos, sepultando os partidos tradicionais.<\/p>\n<p style=\"text-align: justify;\">\u00c9 o terreno ideal para que o capital financeiro continue avan\u00e7ando em seus planos de amplia\u00e7\u00e3o da explora\u00e7\u00e3o, com seus tecnocratas &#8220;apartid\u00e1rios e gerenciadores&#8221;. A candidatura de esquerda &#8211; Lula at\u00e9 o momento &#8211; ter\u00e1 um papel crucial para barrar o desmonte total do Estado Social inaugurado pela Constitui\u00e7\u00e3o de 1988.<\/p>\n<p style=\"text-align: justify;\">A sa\u00edda de Temer e o concerto em torno de Maia (ou qualquer outro), ser\u00e3o garantidos por uma reforma pol\u00edtica, que se n\u00e3o for ampla e radical, s\u00f3 consolidar\u00e1 (com o voto popular) a proposta autorit\u00e1ria do golpe. Assim, aos democratas e trabalhadores, desde j\u00e1, destaca-se a necessidade de constru\u00e7\u00e3o da mais ampla unidade em torno de um programa de reconstru\u00e7\u00e3o nacional, cujo eixo central s\u00f3 pode ser a dignidade da pessoa humana.<\/p>\n<p style=\"text-align: justify;\">Para isso, a Constituinte para reestabelecer o contrato social ( Constitui\u00e7\u00e3o) violado por mais de 95 Emendas Constitucionais desde 1988, com a elei\u00e7\u00e3o de uma grande bancada de democratas e trabalhadores comprometidos com as liberdades e os direitos sociais.<\/p>\n<p style=\"text-align: justify;\">Diretas J\u00e1 e Elei\u00e7\u00f5es Gerais com Constituinte! As ruas ser\u00e3o os locais dos grandes embates para assegurar a revis\u00e3o das reformas desestruturantes. O caldeir\u00e3o social ferve em fogo lento, que tende a aumentar a temperatura. Contra a resist\u00eancia popular &#8211; a depender dos golpistas e seus asseclas &#8211; ser\u00e1 pau, porrada e bomba para conter os miser\u00e1veis !<\/p>\n<p>&nbsp;<\/p>\n<p>&nbsp;<\/p>\n<!-- AddThis Advanced Settings generic via filter on the_content --><!-- AddThis Share Buttons generic via filter on the_content -->","protected":false},"excerpt":{"rendered":"<p>A reforma trabalhista \u00e9 apenas uma das faces do golpismo. O capital internacional n\u00e3o d\u00e1 nenhuma import\u00e2ncia ao conceito de na\u00e7\u00e3o. Apenas os ignorantes pol\u00edticos e os mal intencionados imaginam que esta reforma vai trazer mais empregos e dignidade ao povo. Pelo contr\u00e1rio. Com a precariza\u00e7\u00e3o e os direitos sonegados, s\u00f3 v\u00e3o aumentar a hecatombe [&hellip;]<!-- AddThis Advanced Settings generic via filter on wp_trim_excerpt --><!-- AddThis Share Buttons generic via filter on wp_trim_excerpt --><\/p>\n","protected":false},"author":2,"featured_media":1254,"comment_status":"closed","ping_status":"open","sticky":false,"template":"","format":"standard","meta":{"footnotes":""},"categories":[13],"tags":[211,189],"class_list":["post-1250","post","type-post","status-publish","format-standard","has-post-thumbnail","hentry","category-home","tag-daniel-godoy-junior","tag-reforma-trabalhista"],"_links":{"self":[{"href":"https:\/\/sinpes.org.br\/site\/wp-json\/wp\/v2\/posts\/1250","targetHints":{"allow":["GET"]}}],"collection":[{"href":"https:\/\/sinpes.org.br\/site\/wp-json\/wp\/v2\/posts"}],"about":[{"href":"https:\/\/sinpes.org.br\/site\/wp-json\/wp\/v2\/types\/post"}],"author":[{"embeddable":true,"href":"https:\/\/sinpes.org.br\/site\/wp-json\/wp\/v2\/users\/2"}],"replies":[{"embeddable":true,"href":"https:\/\/sinpes.org.br\/site\/wp-json\/wp\/v2\/comments?post=1250"}],"version-history":[{"count":3,"href":"https:\/\/sinpes.org.br\/site\/wp-json\/wp\/v2\/posts\/1250\/revisions"}],"predecessor-version":[{"id":1262,"href":"https:\/\/sinpes.org.br\/site\/wp-json\/wp\/v2\/posts\/1250\/revisions\/1262"}],"wp:featuredmedia":[{"embeddable":true,"href":"https:\/\/sinpes.org.br\/site\/wp-json\/wp\/v2\/media\/1254"}],"wp:attachment":[{"href":"https:\/\/sinpes.org.br\/site\/wp-json\/wp\/v2\/media?parent=1250"}],"wp:term":[{"taxonomy":"category","embeddable":true,"href":"https:\/\/sinpes.org.br\/site\/wp-json\/wp\/v2\/categories?post=1250"},{"taxonomy":"post_tag","embeddable":true,"href":"https:\/\/sinpes.org.br\/site\/wp-json\/wp\/v2\/tags?post=1250"}],"curies":[{"name":"wp","href":"https:\/\/api.w.org\/{rel}","templated":true}]}}