{"id":1242,"date":"2017-07-09T11:02:38","date_gmt":"2017-07-09T14:02:38","guid":{"rendered":"http:\/\/sinpes.org.br\/site\/?p=1242"},"modified":"2017-07-09T11:04:27","modified_gmt":"2017-07-09T14:04:27","slug":"sinpes-e-facel-fecham-acordo-que-poe-fim-a-greve-dos-professores","status":"publish","type":"post","link":"https:\/\/sinpes.org.br\/site\/sinpes-e-facel-fecham-acordo-que-poe-fim-a-greve-dos-professores\/","title":{"rendered":"Sinpes e Facel Fecham Acordo que P\u00f5e Fim \u00e0 Greve dos Professores"},"content":{"rendered":"<p style=\"text-align: justify;\">Para encerrar a greve dos professores da FACEL, que j\u00e1 perdurava por mais de tr\u00eas semanas, essa institui\u00e7\u00e3o de ensino superior e o Sinpes fizeram acordo que garante o pagamento dos sal\u00e1rios at\u00e9 o dia 10\/07\/2017, com os valores que ser\u00e3o arrecadados pelo FIES.<!--more--><\/p>\n<p style=\"text-align: justify;\"><img loading=\"lazy\" decoding=\"async\" class=\"size-medium wp-image-1245 alignleft\" src=\"http:\/\/sinpes.org.br\/site\/wp-content\/uploads\/2017\/07\/IMG-20170707-WA0030-300x225.jpg\" alt=\"\" height=\"225\" width=\"300\" srcset=\"https:\/\/sinpes.org.br\/site\/wp-content\/uploads\/2017\/07\/IMG-20170707-WA0030-300x225.jpg 300w, https:\/\/sinpes.org.br\/site\/wp-content\/uploads\/2017\/07\/IMG-20170707-WA0030-768x576.jpg 768w, https:\/\/sinpes.org.br\/site\/wp-content\/uploads\/2017\/07\/IMG-20170707-WA0030-1024x768.jpg 1024w, https:\/\/sinpes.org.br\/site\/wp-content\/uploads\/2017\/07\/IMG-20170707-WA0030.jpg 1280w\" sizes=\"auto, (max-width: 300px) 100vw, 300px\" \/>A exemplo de modelo adotado com sucesso pelos professores do Instituto de Ensino Cam\u00f5es, a expectativa \u00e9 que a mora salarial seja superada no menor tempo poss\u00edvel.<\/p>\n<p style=\"text-align: justify;\">Em concorrida assembleia iniciada no dia 28\/06\/2017 e somente conclu\u00edda em 06\/07\/2017, os docentes concordaram em retornar \u00e0s suas atividades j\u00e1 a partir de segunda-feira, dia 10\/07\/2017.<\/p>\n<p style=\"text-align: justify;\">Al\u00e9m da quita\u00e7\u00e3o dos sal\u00e1rios atrasados garantida com a destina\u00e7\u00e3o priorit\u00e1ria do numer\u00e1rio do FIES, os professores obtiveram outras importantes vit\u00f3rias:<\/p>\n<p style=\"text-align: justify;\"><img loading=\"lazy\" decoding=\"async\" class=\"size-medium wp-image-1244 alignleft\" src=\"http:\/\/sinpes.org.br\/site\/wp-content\/uploads\/2017\/07\/IMG-20170707-WA0031-300x225.jpg\" alt=\"\" height=\"225\" width=\"300\" srcset=\"https:\/\/sinpes.org.br\/site\/wp-content\/uploads\/2017\/07\/IMG-20170707-WA0031-300x225.jpg 300w, https:\/\/sinpes.org.br\/site\/wp-content\/uploads\/2017\/07\/IMG-20170707-WA0031-768x576.jpg 768w, https:\/\/sinpes.org.br\/site\/wp-content\/uploads\/2017\/07\/IMG-20170707-WA0031-1024x768.jpg 1024w, https:\/\/sinpes.org.br\/site\/wp-content\/uploads\/2017\/07\/IMG-20170707-WA0031.jpg 1280w\" sizes=\"auto, (max-width: 300px) 100vw, 300px\" \/>&#8211; Solu\u00e7\u00e3o dos cr\u00f4nicos problemas dos computadores at\u00e9 o in\u00edcio do pr\u00f3ximo semestre letivo;<br \/>\n&#8211; Organiza\u00e7\u00e3o e regulariza\u00e7\u00e3o das ofertas de est\u00e1gio;<br \/>\n&#8211; Seguran\u00e7a dentro do campus universit\u00e1rio;<br \/>\n&#8211; Pagamento integral dos dias parados.<\/p>\n<p style=\"text-align: justify;\">O Sinpes permanece alerta, a fim de que tudo o que foi ajustado, seja cumprido com a maior brevidade poss\u00edvel.<\/p>\n<p><a class=\"fasc-button fasc-size-medium fasc-type-glossy fasc-rounded-medium fasc-ico-before dashicons-admin-links\" style=\"background-color: #33809e; color: #ffffff;\" target=\"_blank\" rel=\"noopener\" href=\"http:\/\/sinpes.org.br\/site\/wp-content\/uploads\/2017\/07\/Acordo-Facel-07.07.17.pdf\">Acordo Facel 07\/07\/2017<\/a><\/p>\n<!-- AddThis Advanced Settings generic via filter on the_content --><!-- AddThis Share Buttons generic via filter on the_content -->","protected":false},"excerpt":{"rendered":"<p>Para encerrar a greve dos professores da FACEL, que j\u00e1 perdurava por mais de tr\u00eas semanas, essa institui\u00e7\u00e3o de ensino superior e o Sinpes fizeram acordo que garante o pagamento dos sal\u00e1rios at\u00e9 o dia 10\/07\/2017, com os valores que ser\u00e3o arrecadados pelo FIES.<!-- AddThis Advanced Settings generic via filter on wp_trim_excerpt --><!-- AddThis Share Buttons generic via filter on wp_trim_excerpt --><\/p>\n","protected":false},"author":2,"featured_media":539,"comment_status":"closed","ping_status":"open","sticky":false,"template":"","format":"standard","meta":{"footnotes":""},"categories":[56,13],"tags":[39,57,210,62],"class_list":["post-1242","post","type-post","status-publish","format-standard","has-post-thumbnail","hentry","category-facel","category-home","tag-acordo","tag-facel","tag-fim-da-greve","tag-sinpes"],"_links":{"self":[{"href":"https:\/\/sinpes.org.br\/site\/wp-json\/wp\/v2\/posts\/1242","targetHints":{"allow":["GET"]}}],"collection":[{"href":"https:\/\/sinpes.org.br\/site\/wp-json\/wp\/v2\/posts"}],"about":[{"href":"https:\/\/sinpes.org.br\/site\/wp-json\/wp\/v2\/types\/post"}],"author":[{"embeddable":true,"href":"https:\/\/sinpes.org.br\/site\/wp-json\/wp\/v2\/users\/2"}],"replies":[{"embeddable":true,"href":"https:\/\/sinpes.org.br\/site\/wp-json\/wp\/v2\/comments?post=1242"}],"version-history":[{"count":4,"href":"https:\/\/sinpes.org.br\/site\/wp-json\/wp\/v2\/posts\/1242\/revisions"}],"predecessor-version":[{"id":1249,"href":"https:\/\/sinpes.org.br\/site\/wp-json\/wp\/v2\/posts\/1242\/revisions\/1249"}],"wp:featuredmedia":[{"embeddable":true,"href":"https:\/\/sinpes.org.br\/site\/wp-json\/wp\/v2\/media\/539"}],"wp:attachment":[{"href":"https:\/\/sinpes.org.br\/site\/wp-json\/wp\/v2\/media?parent=1242"}],"wp:term":[{"taxonomy":"category","embeddable":true,"href":"https:\/\/sinpes.org.br\/site\/wp-json\/wp\/v2\/categories?post=1242"},{"taxonomy":"post_tag","embeddable":true,"href":"https:\/\/sinpes.org.br\/site\/wp-json\/wp\/v2\/tags?post=1242"}],"curies":[{"name":"wp","href":"https:\/\/api.w.org\/{rel}","templated":true}]}}