{"id":1238,"date":"2017-06-28T18:03:11","date_gmt":"2017-06-28T21:03:11","guid":{"rendered":"http:\/\/sinpes.org.br\/site\/?p=1238"},"modified":"2017-06-28T18:15:37","modified_gmt":"2017-06-28T21:15:37","slug":"sinpes-participa-da-greve-geral-nacional-do-dia-30062017","status":"publish","type":"post","link":"https:\/\/sinpes.org.br\/site\/sinpes-participa-da-greve-geral-nacional-do-dia-30062017\/","title":{"rendered":"Sinpes Participa da Greve Geral Nacional do Dia 30\/06\/2017"},"content":{"rendered":"<p style=\"text-align: justify;\">O Sinpes, juntamente com os sindicatos mais combativos de Curitiba e da Regi\u00e3o Metropolitana estar\u00e1 presente nas manifesta\u00e7\u00f5es de 30\/06\/2017, aderindo \u00e0 greve geral nacional deflagrada com o objetivo de por termo \u00e0s inescrupulosas reformas trabalhista e previdenci\u00e1ria.<!--more--><\/p>\n<p style=\"text-align: justify;\">A concentra\u00e7\u00e3o dos docentes do ensino superior reveste-se de simbolismo especial, pois, ocorrer\u00e1 \u00e0s 11 horas, na frente do pr\u00e9dio da Justi\u00e7a do Trabalho, na Rua Vicente Machado 400, em conjunto com advogados trabalhistas, funcion\u00e1rios e magistrados progressistas que atuam na Justi\u00e7a do Trabalho, bem como Procuradores do Trabalho.<\/p>\n<p style=\"text-align: justify;\">Juntos, caminharemos em dire\u00e7\u00e3o \u00e0 Boca Maldita, onde nos congregaremos aos demais trabalhadores.<\/p>\n<p style=\"text-align: justify;\">Em conson\u00e2ncia com a lei de greve, a categoria regularmente convocada para deliberar atendeu o chamamento da Diretoria do Sinpes e, em assembleia geral realizada no Hotel Roochelle, no dia 27\/06\/2017, \u00e0s 11 horas, inclinou-se pela ades\u00e3o ao movimento.<\/p>\n<p style=\"text-align: justify;\">O Sindicato dos Estabelecimentos de Ensino do Paran\u00e1 foi notificado no prazo legal de 48 horas de anteced\u00eancia, raz\u00e3o pela qual o professor que quiser participar do movimento estar\u00e1 legitimado para tanto.<\/p>\n<p style=\"text-align: justify;\">Em respeito aos alunos, pede-se que as atividades docentes que deixarem de ser realizadas neste dia, sejam repostas mediante negocia\u00e7\u00e3o individual.<\/p>\n<p style=\"text-align: justify;\">\u00c9 muito importante que todos participem ativamente desse momento de reivindica\u00e7\u00e3o a fim de que n\u00e3o sejam suprimidos direitos que h\u00e1 d\u00e9cadas foram conquistados pelos trabalhadores.<\/p>\n<p style=\"text-align: justify;\">O Sinpes esclarece que a ades\u00e3o dos professores \u00e9 volunt\u00e1ria e que a S\u00famula 316 do Supremo Tribunal Federal informa que a simples ades\u00e3o \u00e0 greve n\u00e3o constitui falta grave, raz\u00e3o pela qual a aus\u00eancia, mediante reposi\u00e7\u00e3o oportuna, n\u00e3o poder\u00e1 suscitar nem desconto salarial nem repercuss\u00e3o disciplinar.<\/p>\n<p style=\"text-align: justify;\">Contamos com todos voc\u00eas para ajudar a mobilizar os colegas para esse dia de paralisa\u00e7\u00e3o!!!<\/p>\n<!-- AddThis Advanced Settings generic via filter on the_content --><!-- AddThis Share Buttons generic via filter on the_content -->","protected":false},"excerpt":{"rendered":"<p>O Sinpes, juntamente com os sindicatos mais combativos de Curitiba e da Regi\u00e3o Metropolitana estar\u00e1 presente nas manifesta\u00e7\u00f5es de 30\/06\/2017, aderindo \u00e0 greve geral nacional deflagrada com o objetivo de por termo \u00e0s inescrupulosas reformas trabalhista e previdenci\u00e1ria.<!-- AddThis Advanced Settings generic via filter on wp_trim_excerpt --><!-- AddThis Share Buttons generic via filter on wp_trim_excerpt --><\/p>\n","protected":false},"author":2,"featured_media":1240,"comment_status":"closed","ping_status":"open","sticky":false,"template":"","format":"standard","meta":{"footnotes":""},"categories":[13,5],"tags":[209,117,208],"class_list":["post-1238","post","type-post","status-publish","format-standard","has-post-thumbnail","hentry","category-home","category-sinpes","tag-209","tag-greve-geral","tag-nacional"],"_links":{"self":[{"href":"https:\/\/sinpes.org.br\/site\/wp-json\/wp\/v2\/posts\/1238","targetHints":{"allow":["GET"]}}],"collection":[{"href":"https:\/\/sinpes.org.br\/site\/wp-json\/wp\/v2\/posts"}],"about":[{"href":"https:\/\/sinpes.org.br\/site\/wp-json\/wp\/v2\/types\/post"}],"author":[{"embeddable":true,"href":"https:\/\/sinpes.org.br\/site\/wp-json\/wp\/v2\/users\/2"}],"replies":[{"embeddable":true,"href":"https:\/\/sinpes.org.br\/site\/wp-json\/wp\/v2\/comments?post=1238"}],"version-history":[{"count":1,"href":"https:\/\/sinpes.org.br\/site\/wp-json\/wp\/v2\/posts\/1238\/revisions"}],"predecessor-version":[{"id":1239,"href":"https:\/\/sinpes.org.br\/site\/wp-json\/wp\/v2\/posts\/1238\/revisions\/1239"}],"wp:featuredmedia":[{"embeddable":true,"href":"https:\/\/sinpes.org.br\/site\/wp-json\/wp\/v2\/media\/1240"}],"wp:attachment":[{"href":"https:\/\/sinpes.org.br\/site\/wp-json\/wp\/v2\/media?parent=1238"}],"wp:term":[{"taxonomy":"category","embeddable":true,"href":"https:\/\/sinpes.org.br\/site\/wp-json\/wp\/v2\/categories?post=1238"},{"taxonomy":"post_tag","embeddable":true,"href":"https:\/\/sinpes.org.br\/site\/wp-json\/wp\/v2\/tags?post=1238"}],"curies":[{"name":"wp","href":"https:\/\/api.w.org\/{rel}","templated":true}]}}