{"id":1229,"date":"2017-06-22T19:48:11","date_gmt":"2017-06-22T22:48:11","guid":{"rendered":"http:\/\/sinpes.org.br\/site\/?p=1229"},"modified":"2017-06-22T22:12:15","modified_gmt":"2017-06-23T01:12:15","slug":"professores-da-facel-decidem-pela-manutencao-da-greve","status":"publish","type":"post","link":"https:\/\/sinpes.org.br\/site\/professores-da-facel-decidem-pela-manutencao-da-greve\/","title":{"rendered":"Professores da Facel Decidem pela Manuten\u00e7\u00e3o da Greve"},"content":{"rendered":"<p style=\"text-align: justify;\">Os professores da FACEL reuniram-se em Assembleia Geral \u00e0s 19h30min do dia 21.06.2017 no Hotel Roochelle, para avaliar proposta encaminhada ao Sinpes \u00e0s 17 horas desse mesmo dia e para deliberar sobre qual a conduta a ser adotada em face do pronunciamento dessa Institui\u00e7\u00e3o de Ensino Superior.<!--more--><\/p>\n<p style=\"text-align: justify;\"><img loading=\"lazy\" decoding=\"async\" class=\"size-medium wp-image-1233 alignleft\" src=\"http:\/\/sinpes.org.br\/site\/wp-content\/uploads\/2017\/06\/IMG-20170622-WA0015-300x225.jpg\" alt=\"\" width=\"300\" height=\"225\" srcset=\"https:\/\/sinpes.org.br\/site\/wp-content\/uploads\/2017\/06\/IMG-20170622-WA0015-300x225.jpg 300w, https:\/\/sinpes.org.br\/site\/wp-content\/uploads\/2017\/06\/IMG-20170622-WA0015-768x576.jpg 768w, https:\/\/sinpes.org.br\/site\/wp-content\/uploads\/2017\/06\/IMG-20170622-WA0015-1024x768.jpg 1024w, https:\/\/sinpes.org.br\/site\/wp-content\/uploads\/2017\/06\/IMG-20170622-WA0015.jpg 1280w\" sizes=\"auto, (max-width: 300px) 100vw, 300px\" \/>Em s\u00edntese, a FACEL prop\u00f4s a cessa\u00e7\u00e3o imediata do movimento de greve dos docentes, estabelecendo um prazo de 30 dias para colocar em dia os sal\u00e1rios atrasados do ano de 2017 e, de 60 dias, para iniciar o pagamento dos sal\u00e1rios atrasados, 13\u00ba\u2019s sal\u00e1rios e F\u00e9rias dos anos de 2015 e 2016, em 24 parcelas. Segundo o pronunciamento patronal, o parcelamento em dois anos dos valores devidos nos anos passado e retrasado j\u00e1 teria sido combinado com os professores, raz\u00e3o pela qual pediam que o acordo fosse homologado pelo sindicato.<\/p>\n<p style=\"text-align: justify;\">A FACEL justifica a impossibilidade de colocar em dia com maior rapidez os atrasos que se arrastam desde 2015, em face da inadimpl\u00eancia dos alunos.<\/p>\n<p style=\"text-align: justify;\">A proposta foi lida em Assembleia e rejeitada por unanimidade dos presentes, pois estes entendem que, ao menos parte do passivo salarial devido, deve ser paga imediatamente, tendo em vista o car\u00e1ter alimentar da remunera\u00e7\u00e3o auferida.<\/p>\n<p style=\"text-align: justify;\"><img loading=\"lazy\" decoding=\"async\" class=\"size-medium wp-image-1232 alignright\" src=\"http:\/\/sinpes.org.br\/site\/wp-content\/uploads\/2017\/06\/IMG-20170622-WA0016-300x225.jpg\" alt=\"\" width=\"300\" height=\"225\" srcset=\"https:\/\/sinpes.org.br\/site\/wp-content\/uploads\/2017\/06\/IMG-20170622-WA0016-300x225.jpg 300w, https:\/\/sinpes.org.br\/site\/wp-content\/uploads\/2017\/06\/IMG-20170622-WA0016-768x576.jpg 768w, https:\/\/sinpes.org.br\/site\/wp-content\/uploads\/2017\/06\/IMG-20170622-WA0016-1024x768.jpg 1024w, https:\/\/sinpes.org.br\/site\/wp-content\/uploads\/2017\/06\/IMG-20170622-WA0016.jpg 1280w\" sizes=\"auto, (max-width: 300px) 100vw, 300px\" \/>Causou estranheza aos professores e alunos presentes o fato de pontos importantes da pauta de reivindica\u00e7\u00e3o encaminhada n\u00e3o terem sido respondidos, tais como a melhoria na infraestrutura da FACEL, a agiliza\u00e7\u00e3o dos documentos necess\u00e1rios para que os alunos fa\u00e7am est\u00e1gios, a reposi\u00e7\u00e3o de material de uso di\u00e1rio e a amplia\u00e7\u00e3o da seguran\u00e7a nas cercanias da faculdade, por conta da ocorr\u00eancia frequente de assaltos.<\/p>\n<p style=\"text-align: justify;\">Ap\u00f3s amplas discuss\u00f5es em Assembleia, por unanimidade dos presentes, houve delibera\u00e7\u00e3o pela manuten\u00e7\u00e3o do movimento de greve geral, deflagrado por tempo indeterminado, al\u00e9m de mobiliza\u00e7\u00f5es pontuais (conferir cronograma de luta em anexo). Manteve-se a Pauta de Reivindica\u00e7\u00e3o anteriormente encaminhada, incluindo-se os seguintes itens:<\/p>\n<p style=\"text-align: justify;\"><strong>1 \u2013 Pagamento dos dias em greve;<\/strong><\/p>\n<p style=\"text-align: justify;\"><strong>2 \u2013 Estabilidade aos docentes que participam do movimento, como forma de evitar \u00a0\u00a0\u00a0\u00a0\u00a0repres\u00e1lia por parte da empregadora e para evitar preju\u00edzos aos discentes.<\/strong><\/p>\n<p style=\"text-align: justify;\"><strong>O Sinpes convoca Professores, Alunos e Auxiliares de Administra\u00e7\u00e3o Escolar da FACEL para Assembleia Geral designada para o dia 28\/06\/2017, \u00e0s 19h30min, no Hotel Roochelle, garantindo aos primeiros, direito de voz e voto e, aos demais, direito de voz. Na ocasi\u00e3o, a categoria dever\u00e1 avaliar os rumos do movimento e deliberar acerca do prosseguimento ou n\u00e3o da greve em andamento.<\/strong><\/p>\n<p style=\"text-align: justify;\"><strong>O Sinpes conclama que todos tamb\u00e9m participem dos eventos referidos no cronograma de luta estampado a seguir. <\/strong><\/p>\n<p>&nbsp;<\/p>\n<p>&nbsp;<\/p>\n<p><strong>Diretoria do Sinpes.<\/strong><\/p>\n<table class=\"aligncenter\" style=\"border-color: #000000; background-color: #f5f2f2;\" border=\"1\" width=\"600\">\n<tbody>\n<tr>\n<td colspan=\"2\" width=\"709\"><strong>CRONOGRAMA DE LUTA<br \/>\n<\/strong><\/td>\n<\/tr>\n<tr>\n<td width=\"303\"><strong>27.06.2017 &#8211; Ter\u00e7a-Feira \u00e0s 18h30min<\/strong><\/td>\n<td width=\"406\"><strong>Concentra\u00e7\u00e3o de Alunos e Professores em frente \u00e0 Sede da\u00a0\u00a0\u00a0\u00a0\u00a0\u00a0\u00a0\u00a0 Institui\u00e7\u00e3o.<\/strong><\/p>\n<p><strong>\u00a0<\/strong><\/td>\n<\/tr>\n<tr>\n<td width=\"303\"><strong>28.06.2017 \u2013 Quarta-Feira \u00e0s 08h00min<\/strong><\/td>\n<td width=\"406\"><strong>Concentra\u00e7\u00e3o de Alunos e Professores em frente \u00e0 Vara do Trabalho de Curitiba, localizada na Rua Vicente Machado, 400.<\/strong><\/p>\n<p><strong>\u00a0<\/strong><\/td>\n<\/tr>\n<tr>\n<td width=\"303\"><strong>28.06.2017 \u2013 Quarta-Feira \u00e0s 08h28min<\/strong><\/td>\n<td width=\"406\"><strong>Participa\u00e7\u00e3o de Alunos e Professores em Audi\u00eancia de Encerramento de Instru\u00e7\u00e3o &#8211;\u00a0 A\u00e7\u00e3o do Sinpes contra a FACEL na 13\u00aa Vara do Trabalho de Curitiba que tem como objeto sal\u00e1rios, 13os e f\u00e9rias em atraso.<\/strong><\/p>\n<p><strong>\u00a0<\/strong><\/td>\n<\/tr>\n<tr>\n<td width=\"303\"><strong>28.06.2017 \u2013 Quarta-Feira \u00e0s 19h30min <\/strong><\/td>\n<td width=\"406\"><strong>Assembleia Geral com os Professores da Facel.\u00a0 <\/strong><\/p>\n<p><strong>\u00a0<\/strong><\/td>\n<\/tr>\n<\/tbody>\n<\/table>\n<p><strong><u>\u00a0<\/u><\/strong><\/p>\n<!-- AddThis Advanced Settings generic via filter on the_content --><!-- AddThis Share Buttons generic via filter on the_content -->","protected":false},"excerpt":{"rendered":"<p>Os professores da FACEL reuniram-se em Assembleia Geral \u00e0s 19h30min do dia 21.06.2017 no Hotel Roochelle, para avaliar proposta encaminhada ao Sinpes \u00e0s 17 horas desse mesmo dia e para deliberar sobre qual a conduta a ser adotada em face do pronunciamento dessa Institui\u00e7\u00e3o de Ensino Superior.<!-- AddThis Advanced Settings generic via filter on wp_trim_excerpt --><!-- AddThis Share Buttons generic via filter on wp_trim_excerpt --><\/p>\n","protected":false},"author":2,"featured_media":539,"comment_status":"closed","ping_status":"open","sticky":false,"template":"","format":"standard","meta":{"footnotes":""},"categories":[56,13],"tags":[57,83],"class_list":["post-1229","post","type-post","status-publish","format-standard","has-post-thumbnail","hentry","category-facel","category-home","tag-facel","tag-greve"],"_links":{"self":[{"href":"https:\/\/sinpes.org.br\/site\/wp-json\/wp\/v2\/posts\/1229","targetHints":{"allow":["GET"]}}],"collection":[{"href":"https:\/\/sinpes.org.br\/site\/wp-json\/wp\/v2\/posts"}],"about":[{"href":"https:\/\/sinpes.org.br\/site\/wp-json\/wp\/v2\/types\/post"}],"author":[{"embeddable":true,"href":"https:\/\/sinpes.org.br\/site\/wp-json\/wp\/v2\/users\/2"}],"replies":[{"embeddable":true,"href":"https:\/\/sinpes.org.br\/site\/wp-json\/wp\/v2\/comments?post=1229"}],"version-history":[{"count":4,"href":"https:\/\/sinpes.org.br\/site\/wp-json\/wp\/v2\/posts\/1229\/revisions"}],"predecessor-version":[{"id":1235,"href":"https:\/\/sinpes.org.br\/site\/wp-json\/wp\/v2\/posts\/1229\/revisions\/1235"}],"wp:featuredmedia":[{"embeddable":true,"href":"https:\/\/sinpes.org.br\/site\/wp-json\/wp\/v2\/media\/539"}],"wp:attachment":[{"href":"https:\/\/sinpes.org.br\/site\/wp-json\/wp\/v2\/media?parent=1229"}],"wp:term":[{"taxonomy":"category","embeddable":true,"href":"https:\/\/sinpes.org.br\/site\/wp-json\/wp\/v2\/categories?post=1229"},{"taxonomy":"post_tag","embeddable":true,"href":"https:\/\/sinpes.org.br\/site\/wp-json\/wp\/v2\/tags?post=1229"}],"curies":[{"name":"wp","href":"https:\/\/api.w.org\/{rel}","templated":true}]}}