{"id":1220,"date":"2017-06-16T17:51:42","date_gmt":"2017-06-16T20:51:42","guid":{"rendered":"http:\/\/sinpes.org.br\/site\/?p=1220"},"modified":"2017-06-19T22:37:57","modified_gmt":"2017-06-20T01:37:57","slug":"sucesso-no-primeiro-dia-de-greve-da-facel","status":"publish","type":"post","link":"https:\/\/sinpes.org.br\/site\/sucesso-no-primeiro-dia-de-greve-da-facel\/","title":{"rendered":"Sucesso no Primeiro Dia de Greve da Facel"},"content":{"rendered":"<p style=\"text-align: justify;\">Foi coroado com sucesso o primeiro dia de greve por tempo indeterminado, deflagrada pelos professores da FACEL na \u00faltima quarta-feira, dia 14\/06\/2017.<!--more--><\/p>\n<p style=\"text-align: justify;\">Uma \u00fanica professora \u201cfurou\u201d a paralisa\u00e7\u00e3o sob a justificativa de que \u201cprecisava\u201d aplicar prova final aos seus alunos. Considerando-se que o movimento envolve cerca de 50 professores, \u00e9 de se concluir que houve uma ades\u00e3o de 98% dos docentes mobilizados, o que representa um percentual bem acima da m\u00e9dia.<\/p>\n<p style=\"text-align: justify;\">At\u00e9 o momento, a Institui\u00e7\u00e3o de Ensino Superior n\u00e3o ofereceu nenhuma resposta para a pauta de reivindica\u00e7\u00f5es encaminhada na segunda feira, com o seguinte teor:<\/p>\n<p style=\"text-align: justify;\"><strong>1 \u2013 Pagamento integral de sal\u00e1rios, 13\u00ba\u2019s sal\u00e1rios, F\u00e9rias, Ter\u00e7o de F\u00e9rias e FGTS em atraso;\u00a0\u00a0 <\/strong><\/p>\n<p style=\"text-align: justify;\"><strong>2 \u2013 Melhoria na estrutura da Institui\u00e7\u00e3o no que tange a instrumentos de trabalho tais como Computadores, Wi-Fi, Campo de Est\u00e1gio para os discentes e reposi\u00e7\u00e3o de material de uso di\u00e1rio; <\/strong><\/p>\n<p style=\"text-align: justify;\"><strong>3 \u2013 Implanta\u00e7\u00e3o de um sistema de seguran\u00e7a por parte da IES, tendo em vista a ocorr\u00eancia de assaltos nas proximidades. <\/strong><\/p>\n<p style=\"text-align: justify;\">Procurada, a advogada que vinha negociando com o sindicato respondeu em tom agressivo e arrogante que, quando tivesse alguma coisa para propor, ela mesma telefonaria para o SINPES.<\/p>\n<p style=\"text-align: justify;\">Na ter\u00e7a-feira, dia 13\/06\/2017, a entidade sindical recebeu uma interpela\u00e7\u00e3o extrajudicial exigindo a lista de presen\u00e7as dos que participaram na Assembleia que deflagrou a greve sob o pretexto de aferir a regularidade da delibera\u00e7\u00e3o. Como os estatutos do SINPES n\u00e3o estabelecem qu\u00f3rum para deflagra\u00e7\u00e3o de greve em segunda convoca\u00e7\u00e3o, o sindicato encaminhou c\u00f3pia da publica\u00e7\u00e3o do edital de convoca\u00e7\u00e3o e da ata (que n\u00e3o cita nominalmente nenhum professor) evidenciando a regularidade do movimento sem fornecer subs\u00eddios para retalia\u00e7\u00f5es.<\/p>\n<p style=\"text-align: justify;\">A falta de argumentos da FACEL \u00e9 tamanha que, at\u00e9 a Pol\u00edcia Militar foi chamada numa tentativa desesperada de retirar da via p\u00fablica, o caminh\u00e3o do sindicato por \u201cantecipa\u00e7\u00e3o\u201d. Por suposto que o Sinpes, calejado com patr\u00f5es que n\u00e3o cumprem suas mais elementares obriga\u00e7\u00f5es e ainda querem \u201cter raz\u00e3o\u201d, n\u00e3o se intimidou.<\/p>\n<p style=\"text-align: justify;\">Em assembleia designada para o dia 21\/06\/2017, \u00e0s 19h00, no Hotel Roochelle, a categoria dever\u00e1 avaliar o cumprimento das exig\u00eancias formuladas, bem como eventual contraproposta porventura encaminhada pela FACEL, oportunidade em que ser\u00e1 deliberado o prosseguimento ou n\u00e3o da greve.<\/p>\n<p style=\"text-align: justify;\">O Sinpes convoca Professores, Alunos e Auxiliares de Administra\u00e7\u00e3o Escolar da FACEL para Assembleia Geral designada para o dia 21\/06\/2017, garantindo, aos docentes, direito de voz e voto e, aos demais, direito de voz.<\/p>\n<p style=\"text-align: justify;\">Diretoria do Sinpes.<\/p>\n<p>&nbsp;<\/p>\n<p>&nbsp;<\/p>\n<!-- AddThis Advanced Settings generic via filter on the_content --><!-- AddThis Share Buttons generic via filter on the_content -->","protected":false},"excerpt":{"rendered":"<p>Foi coroado com sucesso o primeiro dia de greve por tempo indeterminado, deflagrada pelos professores da FACEL na \u00faltima quarta-feira, dia 14\/06\/2017.<!-- AddThis Advanced Settings generic via filter on wp_trim_excerpt --><!-- AddThis Share Buttons generic via filter on wp_trim_excerpt --><\/p>\n","protected":false},"author":2,"featured_media":539,"comment_status":"closed","ping_status":"open","sticky":false,"template":"","format":"standard","meta":{"footnotes":""},"categories":[56,13],"tags":[57,83],"class_list":["post-1220","post","type-post","status-publish","format-standard","has-post-thumbnail","hentry","category-facel","category-home","tag-facel","tag-greve"],"_links":{"self":[{"href":"https:\/\/sinpes.org.br\/site\/wp-json\/wp\/v2\/posts\/1220","targetHints":{"allow":["GET"]}}],"collection":[{"href":"https:\/\/sinpes.org.br\/site\/wp-json\/wp\/v2\/posts"}],"about":[{"href":"https:\/\/sinpes.org.br\/site\/wp-json\/wp\/v2\/types\/post"}],"author":[{"embeddable":true,"href":"https:\/\/sinpes.org.br\/site\/wp-json\/wp\/v2\/users\/2"}],"replies":[{"embeddable":true,"href":"https:\/\/sinpes.org.br\/site\/wp-json\/wp\/v2\/comments?post=1220"}],"version-history":[{"count":2,"href":"https:\/\/sinpes.org.br\/site\/wp-json\/wp\/v2\/posts\/1220\/revisions"}],"predecessor-version":[{"id":1223,"href":"https:\/\/sinpes.org.br\/site\/wp-json\/wp\/v2\/posts\/1220\/revisions\/1223"}],"wp:featuredmedia":[{"embeddable":true,"href":"https:\/\/sinpes.org.br\/site\/wp-json\/wp\/v2\/media\/539"}],"wp:attachment":[{"href":"https:\/\/sinpes.org.br\/site\/wp-json\/wp\/v2\/media?parent=1220"}],"wp:term":[{"taxonomy":"category","embeddable":true,"href":"https:\/\/sinpes.org.br\/site\/wp-json\/wp\/v2\/categories?post=1220"},{"taxonomy":"post_tag","embeddable":true,"href":"https:\/\/sinpes.org.br\/site\/wp-json\/wp\/v2\/tags?post=1220"}],"curies":[{"name":"wp","href":"https:\/\/api.w.org\/{rel}","templated":true}]}}