{"id":1208,"date":"2017-06-12T17:58:40","date_gmt":"2017-06-12T20:58:40","guid":{"rendered":"http:\/\/sinpes.org.br\/site\/?p=1208"},"modified":"2017-06-14T21:49:28","modified_gmt":"2017-06-15T00:49:28","slug":"professores-da-facel-decidem-deflagrar-greve","status":"publish","type":"post","link":"https:\/\/sinpes.org.br\/site\/professores-da-facel-decidem-deflagrar-greve\/","title":{"rendered":"Professores da Facel Decidem Deflagrar Greve"},"content":{"rendered":"<p style=\"text-align: justify;\">Os professores da Facel continuam sem receber corretamente seus sal\u00e1rios e demais direitos trabalhistas. O problema vem se agravando h\u00e1 meses e a situa\u00e7\u00e3o est\u00e1 se tornando insustent\u00e1vel. Mesmo assim, a FACEL n\u00e3o se dignou a anunciar medidas concretas para resolver o impasse em que pese tenha se comprometido com o Sinpes a proceder dessa forma em tratativas com sua advogada. <!--more-->Tendo em vista o caos instaurado, o Sinpes convocou Assembleia para ado\u00e7\u00e3o de provid\u00eancias para por fim a essa situa\u00e7\u00e3o.<\/p>\n<p style=\"text-align: justify;\">Reunidos em Assembleia realizada no dia 10 de junho de 2017 \u00e0s 11h00min no Hotel Roochele, na Rua Tibagi 307 no Centro de Curitiba, os docentes repisaram em tom de desabafo o caos vivido dentro da Institui\u00e7\u00e3o, pois, al\u00e9m de n\u00e3o receberem seus sal\u00e1rios e FGTS em dia e de forma integral, os reajustes salariais convencionais n\u00e3o t\u00eam sido considerados e as condi\u00e7\u00f5es de trabalho s\u00e3o prec\u00e1rias. Tantas irregularidades ensejam grandes preju\u00edzos para o corpo discente.<\/p>\n<p style=\"text-align: justify;\">Por ocasi\u00e3o da assembleia, compareceu um aluno da FACEL na qualidade de representante dos demais, hipotecando irrestrito apoio aos professores e informando que est\u00e3o mobilizados em solidariedade ao corpo docente.<\/p>\n<p style=\"text-align: justify;\">Ap\u00f3s amplas discuss\u00f5es, pela unanimidade dos presentes, houve delibera\u00e7\u00e3o pela <strong>deflagra\u00e7\u00e3o<\/strong> <strong>de greve geral por tempo indeterminado a partir do dia 14.06.2017 \u00e0s 19h00min <\/strong>com o objetivo de persuadir a mantenedora a cumprir a seguinte pauta de reinvindica\u00e7\u00e3o:<\/p>\n<p style=\"text-align: justify;\"><strong>1 \u2013 Pagamento integral de sal\u00e1rios, 13\u00ba\u2019s sal\u00e1rios, F\u00e9rias, Ter\u00e7o de F\u00e9rias e FGTS em atraso;\u00a0\u00a0 <\/strong><\/p>\n<p style=\"text-align: justify;\"><strong>2 \u2013 Melhoria na estrutura da Institui\u00e7\u00e3o no que tange a instrumentos de trabalho tais como Computadores, Wi-Fi, Campo de Est\u00e1gio para os discentes e reposi\u00e7\u00e3o de material de uso di\u00e1rio; <\/strong><\/p>\n<p style=\"text-align: justify;\"><strong>3 \u2013 Implanta\u00e7\u00e3o de um sistema de seguran\u00e7a por parte da IES, tendo em vista a ocorr\u00eancia de assaltos nas proximidades. <\/strong><\/p>\n<p style=\"text-align: justify;\"><strong>Em assembleia designada para o dia 21\/06\/2017 \u00e0s 19h00, no mesmo local da anterior a categoria dever\u00e1 avaliar o cumprimento das exig\u00eancias formuladas bem como eventual contraproposta porventura encaminhada pela FACEL, oportunidade em que ser\u00e1 avaliado o movimento e deliberado o prosseguimento ou n\u00e3o da greve.<\/strong><\/p>\n<p style=\"text-align: justify;\"><strong>\u00a0<\/strong><\/p>\n<p style=\"text-align: justify;\"><strong>O Sinpes<\/strong> <strong>convoca Professores, Alunos e Auxiliares de Administra\u00e7\u00e3o Escolar da Facel para Assembleia Geral designada para o dia 21\/06\/2017, garantindo aos primeiros direito de voz e voto e aos demais direito de voz.<\/strong><\/p>\n\n\t\t<style type=\"text\/css\">\n\t\t\t#gallery-1 {\n\t\t\t\tmargin: auto;\n\t\t\t}\n\t\t\t#gallery-1 .gallery-item {\n\t\t\t\tfloat: left;\n\t\t\t\tmargin-top: 10px;\n\t\t\t\ttext-align: center;\n\t\t\t\twidth: 50%;\n\t\t\t}\n\t\t\t#gallery-1 img {\n\t\t\t\tborder: 2px solid #cfcfcf;\n\t\t\t}\n\t\t\t#gallery-1 .gallery-caption {\n\t\t\t\tmargin-left: 0;\n\t\t\t}\n\t\t\t\/* see gallery_shortcode() in wp-includes\/media.php *\/\n\t\t<\/style>\n\t\t<div id='gallery-1' class='gallery galleryid-1208 gallery-columns-2 gallery-size-thumbnail'><dl class='gallery-item'>\n\t\t\t<dt class='gallery-icon landscape'>\n\t\t\t\t<a href='https:\/\/sinpes.org.br\/site\/wp-content\/uploads\/2017\/06\/IMG-20170613-WA0017.jpg'><img loading=\"lazy\" decoding=\"async\" width=\"150\" height=\"150\" src=\"https:\/\/sinpes.org.br\/site\/wp-content\/uploads\/2017\/06\/IMG-20170613-WA0017-150x150.jpg\" class=\"attachment-thumbnail size-thumbnail\" alt=\"\" \/><\/a>\n\t\t\t<\/dt><\/dl><dl class='gallery-item'>\n\t\t\t<dt class='gallery-icon landscape'>\n\t\t\t\t<a href='https:\/\/sinpes.org.br\/site\/wp-content\/uploads\/2017\/06\/IMG-20170613-WA0018.jpg'><img loading=\"lazy\" decoding=\"async\" width=\"150\" height=\"150\" src=\"https:\/\/sinpes.org.br\/site\/wp-content\/uploads\/2017\/06\/IMG-20170613-WA0018-150x150.jpg\" class=\"attachment-thumbnail size-thumbnail\" alt=\"\" \/><\/a>\n\t\t\t<\/dt><\/dl><br style=\"clear: both\" \/>\n\t\t<\/div>\n\n<blockquote>\n<p style=\"text-align: justify;\">Registro da Assembleia promovida pelo Sinpes para discutir a situa\u00e7\u00e3o ca\u00f3tica que os professores da FACEL v\u00eam enfrentando por n\u00e3o receberem corretamente seus sal\u00e1rios e direitos trabalhistas. A reuni\u00e3o foi realizada na manh\u00e3 do dia 10 de junho, no Hotel Roochele, no Centro de Curitiba.<\/p>\n<\/blockquote>\n<p style=\"text-align: justify;\"><strong>Diretoria do Sinpes.<\/strong><\/p>\n<!-- AddThis Advanced Settings generic via filter on the_content --><!-- AddThis Share Buttons generic via filter on the_content -->","protected":false},"excerpt":{"rendered":"<p>Os professores da Facel continuam sem receber corretamente seus sal\u00e1rios e demais direitos trabalhistas. O problema vem se agravando h\u00e1 meses e a situa\u00e7\u00e3o est\u00e1 se tornando insustent\u00e1vel. Mesmo assim, a FACEL n\u00e3o se dignou a anunciar medidas concretas para resolver o impasse em que pese tenha se comprometido com o Sinpes a proceder dessa [&hellip;]<!-- AddThis Advanced Settings generic via filter on wp_trim_excerpt --><!-- AddThis Share Buttons generic via filter on wp_trim_excerpt --><\/p>\n","protected":false},"author":2,"featured_media":539,"comment_status":"closed","ping_status":"open","sticky":false,"template":"","format":"standard","meta":{"footnotes":""},"categories":[56,13],"tags":[],"class_list":["post-1208","post","type-post","status-publish","format-standard","has-post-thumbnail","hentry","category-facel","category-home"],"_links":{"self":[{"href":"https:\/\/sinpes.org.br\/site\/wp-json\/wp\/v2\/posts\/1208","targetHints":{"allow":["GET"]}}],"collection":[{"href":"https:\/\/sinpes.org.br\/site\/wp-json\/wp\/v2\/posts"}],"about":[{"href":"https:\/\/sinpes.org.br\/site\/wp-json\/wp\/v2\/types\/post"}],"author":[{"embeddable":true,"href":"https:\/\/sinpes.org.br\/site\/wp-json\/wp\/v2\/users\/2"}],"replies":[{"embeddable":true,"href":"https:\/\/sinpes.org.br\/site\/wp-json\/wp\/v2\/comments?post=1208"}],"version-history":[{"count":7,"href":"https:\/\/sinpes.org.br\/site\/wp-json\/wp\/v2\/posts\/1208\/revisions"}],"predecessor-version":[{"id":1219,"href":"https:\/\/sinpes.org.br\/site\/wp-json\/wp\/v2\/posts\/1208\/revisions\/1219"}],"wp:featuredmedia":[{"embeddable":true,"href":"https:\/\/sinpes.org.br\/site\/wp-json\/wp\/v2\/media\/539"}],"wp:attachment":[{"href":"https:\/\/sinpes.org.br\/site\/wp-json\/wp\/v2\/media?parent=1208"}],"wp:term":[{"taxonomy":"category","embeddable":true,"href":"https:\/\/sinpes.org.br\/site\/wp-json\/wp\/v2\/categories?post=1208"},{"taxonomy":"post_tag","embeddable":true,"href":"https:\/\/sinpes.org.br\/site\/wp-json\/wp\/v2\/tags?post=1208"}],"curies":[{"name":"wp","href":"https:\/\/api.w.org\/{rel}","templated":true}]}}