{"id":1203,"date":"2017-06-07T13:27:11","date_gmt":"2017-06-07T16:27:11","guid":{"rendered":"http:\/\/sinpes.org.br\/site\/?p=1203"},"modified":"2017-06-07T13:28:05","modified_gmt":"2017-06-07T16:28:05","slug":"salarios-atrasados-preocupam-docentes-da-facel","status":"publish","type":"post","link":"https:\/\/sinpes.org.br\/site\/salarios-atrasados-preocupam-docentes-da-facel\/","title":{"rendered":"Sal\u00e1rios Atrasados Preocupam Docentes da Facel"},"content":{"rendered":"<p style=\"text-align: justify;\">Frustrando promessas reiteradas dessa institui\u00e7\u00e3o de ensino, os professores da Faculdade de Administra\u00e7\u00e3o, Ci\u00eancias, Educa\u00e7\u00e3o e Letras \u2013 FACEL n\u00e3o tiveram ainda regularizado o pagamento de seus sal\u00e1rios, 13\u00ba sal\u00e1rios, F\u00e9rias e Ter\u00e7o de F\u00e9rias. <!--more-->A situa\u00e7\u00e3o se torna cada vez mais preocupante. O Sinpes acompanha de perto essa situa\u00e7\u00e3o, e busca a solu\u00e7\u00e3o dessas pend\u00eancias e irregularidades.<\/p>\n<p style=\"text-align: justify;\">Em reuni\u00e3o de mesa redonda realizada perante a Superintend\u00eancia Regional do Trabalho no dia 14\/03\/2017, ficou ajustado o prazo de 30 dias para que a FACEL apresentasse cronograma para quita\u00e7\u00e3o dos d\u00e9bitos trabalhistas ao Sindicato, o qual, se plaus\u00edvel, seria submetido \u00e0 aprova\u00e7\u00e3o dos docentes em assembleia geral.<\/p>\n<p style=\"text-align: justify;\">No dia 10\/05\/2017, os representantes da Institui\u00e7\u00e3o de Ensino se reuniram com a Diretoria do Sinpes com o intuito de encontrar uma solu\u00e7\u00e3o negociada para o pagamento dos sal\u00e1rios atrasados. Nessa ocasi\u00e3o apresentaram uma lista com os nomes de 50 docentes que atualmente lecionam para a Institui\u00e7\u00e3o, contendo os respectivos valores devidos sem o acr\u00e9scimo de multa por mora salarial.<\/p>\n<p style=\"text-align: justify;\">O Sinpes conferiu a veracidade dos dados apresentados por amostragem, inseriu no c\u00e1lculo as multas convencionais devidas em face dos sal\u00e1rios atrasados e os encaminhou para a advogada respons\u00e1vel pelas negocia\u00e7\u00f5es em 19\/05\/2017, aguardando que a empregadora, enfim, apresentasse cronograma de pagamento dos valores em atraso.<\/p>\n<p style=\"text-align: justify;\">At\u00e9 agora n\u00e3o houve nenhuma manifesta\u00e7\u00e3o patronal.<\/p>\n<p style=\"text-align: justify;\">A paci\u00eancia dos docentes encontra-se esgotada, tendo em vista que at\u00e9 o momento, os sal\u00e1rios n\u00e3o foram pagos. Os alunos tamb\u00e9m est\u00e3o sendo profundamente prejudicados pela situa\u00e7\u00e3o. Em meio a todo esse caos e com a semana de provas se aproximando, os docentes receiam aplicar as provas, lan\u00e7ar as notas e simplesmente n\u00e3o receberem de vez pelos seus trabalhos.<\/p>\n<p style=\"text-align: justify;\">Diante desse caos, o <strong>Sinpes <\/strong><strong>(Sindicato dos Professores de Ensino Superior de Curitiba) <\/strong><strong>convoca os professores da FACEL para Assembleia Geral a ser realizada no dia 10 de junho de 2017, \u00e0s 11h00min, no Hotel Roochele, situado \u00e0 Rua Tibagi, n\u00ba 307, para a ado\u00e7\u00e3o de provid\u00eancias a respeito do cr\u00f4nico atraso salarial sofrido pelos docentes. Na ocasi\u00e3o poder\u00e1 ser deflagrada at\u00e9 mesmo greve por tempo indeterminado.<\/strong><\/p>\n<p style=\"text-align: justify;\"><strong>Com direito \u00e0 voz, mas n\u00e3o a voto, s\u00e3o bem-vindos tamb\u00e9m, os empregados n\u00e3o docentes e os alunos da institui\u00e7\u00e3o, sempre solid\u00e1rios com os seus professores. <\/strong><\/p>\n<!-- AddThis Advanced Settings generic via filter on the_content --><!-- AddThis Share Buttons generic via filter on the_content -->","protected":false},"excerpt":{"rendered":"<p>Frustrando promessas reiteradas dessa institui\u00e7\u00e3o de ensino, os professores da Faculdade de Administra\u00e7\u00e3o, Ci\u00eancias, Educa\u00e7\u00e3o e Letras \u2013 FACEL n\u00e3o tiveram ainda regularizado o pagamento de seus sal\u00e1rios, 13\u00ba sal\u00e1rios, F\u00e9rias e Ter\u00e7o de F\u00e9rias.<!-- AddThis Advanced Settings generic via filter on wp_trim_excerpt --><!-- AddThis Share Buttons generic via filter on wp_trim_excerpt --><\/p>\n","protected":false},"author":2,"featured_media":539,"comment_status":"closed","ping_status":"open","sticky":false,"template":"","format":"standard","meta":{"footnotes":""},"categories":[56,13],"tags":[87,57],"class_list":["post-1203","post","type-post","status-publish","format-standard","has-post-thumbnail","hentry","category-facel","category-home","tag-atraso-salarial","tag-facel"],"_links":{"self":[{"href":"https:\/\/sinpes.org.br\/site\/wp-json\/wp\/v2\/posts\/1203","targetHints":{"allow":["GET"]}}],"collection":[{"href":"https:\/\/sinpes.org.br\/site\/wp-json\/wp\/v2\/posts"}],"about":[{"href":"https:\/\/sinpes.org.br\/site\/wp-json\/wp\/v2\/types\/post"}],"author":[{"embeddable":true,"href":"https:\/\/sinpes.org.br\/site\/wp-json\/wp\/v2\/users\/2"}],"replies":[{"embeddable":true,"href":"https:\/\/sinpes.org.br\/site\/wp-json\/wp\/v2\/comments?post=1203"}],"version-history":[{"count":3,"href":"https:\/\/sinpes.org.br\/site\/wp-json\/wp\/v2\/posts\/1203\/revisions"}],"predecessor-version":[{"id":1206,"href":"https:\/\/sinpes.org.br\/site\/wp-json\/wp\/v2\/posts\/1203\/revisions\/1206"}],"wp:featuredmedia":[{"embeddable":true,"href":"https:\/\/sinpes.org.br\/site\/wp-json\/wp\/v2\/media\/539"}],"wp:attachment":[{"href":"https:\/\/sinpes.org.br\/site\/wp-json\/wp\/v2\/media?parent=1203"}],"wp:term":[{"taxonomy":"category","embeddable":true,"href":"https:\/\/sinpes.org.br\/site\/wp-json\/wp\/v2\/categories?post=1203"},{"taxonomy":"post_tag","embeddable":true,"href":"https:\/\/sinpes.org.br\/site\/wp-json\/wp\/v2\/tags?post=1203"}],"curies":[{"name":"wp","href":"https:\/\/api.w.org\/{rel}","templated":true}]}}