{"id":1200,"date":"2017-05-31T21:12:23","date_gmt":"2017-06-01T00:12:23","guid":{"rendered":"http:\/\/sinpes.org.br\/site\/?p=1200"},"modified":"2017-05-31T21:12:23","modified_gmt":"2017-06-01T00:12:23","slug":"diretas-ja-nao-as-reformas","status":"publish","type":"post","link":"https:\/\/sinpes.org.br\/site\/diretas-ja-nao-as-reformas\/","title":{"rendered":"Diretas J\u00e1 \/ N\u00e3o \u00e0s &#8220;Reformas&#8221;"},"content":{"rendered":"<p style=\"text-align: justify;\">As recentes den\u00fancias que envolvem o Presidente Michel Temer e o teor das \u201creformas\u201d propostas n\u00e3o deixam d\u00favidas: encontra-se em andamento uma escandalosa negociata incompat\u00edvel com o esp\u00edrito republicano que deveria inspirar a conduta dos integrantes dos Poderes da Rep\u00fablica.<!--more--><\/p>\n<p style=\"text-align: justify;\">Ao contr\u00e1rio do que a grande m\u00eddia sustenta diuturnamente, medidas mesquinhas tais como o fracionamento das f\u00e9rias, a elimina\u00e7\u00e3o do pagamento de horas extras mediante acordos de compensa\u00e7\u00e3o esp\u00farios, a permiss\u00e3o da empregada gr\u00e1vida trabalhar em ambientes insalubres, a supress\u00e3o de todos os direitos trabalhistas para quem recebe sal\u00e1rio superior a R$ 12.000,00 e a amplia\u00e7\u00e3o desmedida da idade necess\u00e1ria para que o trabalhador possa se aposentar, n\u00e3o s\u00e3o necess\u00e1rias para que a crise seja superada.<\/p>\n<p style=\"text-align: justify;\">Ao contr\u00e1rio, as chamadas \u201creformas\u201d trabalhista e previdenci\u00e1ria n\u00e3o passam de propostas facciosas de iniciativa de um governo insens\u00edvel e ileg\u00edtimo, com o objetivo evidente de estancar a t\u00edmida distribui\u00e7\u00e3o de riqueza concretizada nos \u00faltimos anos e promover a concentra\u00e7\u00e3o da renda e a proletariza\u00e7\u00e3o da classe m\u00e9dia.<\/p>\n<p style=\"text-align: justify;\">Nesse quadro de apreens\u00e3o, o Sinpes, entidade voltada para a \u201cdefesa dos direitos e interesses individuais ou coletivos da categoria\u201d que representa (inciso III do artigo 8\u00ba da CF), conclama a todos os cidad\u00e3os de boa-f\u00e9 para que se agreguem ao movimento pac\u00edfico voltado para pressionar os poderes constitu\u00eddos no sentido da realiza\u00e7\u00e3o imediata de elei\u00e7\u00f5es diretas ap\u00f3s afastamento do Presidente da Rep\u00fablica mediante ren\u00fancia (se prevalecer o bom senso) ou <em>impeachment<\/em> e elimina\u00e7\u00e3o das \u201creformas\u201d em andamento.<\/p>\n<p style=\"text-align: justify;\">Isso se viabiliza de forma constitucional e ordeira mediante aprova\u00e7\u00e3o imediata da emenda que estabelece elei\u00e7\u00f5es diretas para Presidente da Rep\u00fablica. S\u00f3 assim se dar\u00e1 cumprimento ao par\u00e1grafo \u00fanico do artigo primeiro da Constitui\u00e7\u00e3o Cidad\u00e3 que estabelece que \u201ctodo o poder emana do povo e em seu nome deve ser exercido\u201d. Qualquer alternativa diferente ensejaria o agravamento da crise de legitimidade em andamento e o prosseguimento das negociatas que tanto afligem os cidad\u00e3os de bem!<\/p>\n<p style=\"text-align: justify;\">&nbsp;<\/p>\n<p style=\"text-align: justify;\"><strong>DIRETORIA DO SINPES<\/strong><\/p>\n<p style=\"text-align: justify;\">&nbsp;<\/p>\n<p style=\"text-align: justify;\">&nbsp;<\/p>\n<!-- AddThis Advanced Settings generic via filter on the_content --><!-- AddThis Share Buttons generic via filter on the_content -->","protected":false},"excerpt":{"rendered":"<p>As recentes den\u00fancias que envolvem o Presidente Michel Temer e o teor das \u201creformas\u201d propostas n\u00e3o deixam d\u00favidas: encontra-se em andamento uma escandalosa negociata incompat\u00edvel com o esp\u00edrito republicano que deveria inspirar a conduta dos integrantes dos Poderes da Rep\u00fablica.<!-- AddThis Advanced Settings generic via filter on wp_trim_excerpt --><!-- AddThis Share Buttons generic via filter on wp_trim_excerpt --><\/p>\n","protected":false},"author":2,"featured_media":1163,"comment_status":"closed","ping_status":"open","sticky":false,"template":"","format":"standard","meta":{"footnotes":""},"categories":[13,5],"tags":[201,203,202],"class_list":["post-1200","post","type-post","status-publish","format-standard","has-post-thumbnail","hentry","category-home","category-sinpes","tag-diretas-ja","tag-eleicoes","tag-presidente-michel-temer"],"_links":{"self":[{"href":"https:\/\/sinpes.org.br\/site\/wp-json\/wp\/v2\/posts\/1200","targetHints":{"allow":["GET"]}}],"collection":[{"href":"https:\/\/sinpes.org.br\/site\/wp-json\/wp\/v2\/posts"}],"about":[{"href":"https:\/\/sinpes.org.br\/site\/wp-json\/wp\/v2\/types\/post"}],"author":[{"embeddable":true,"href":"https:\/\/sinpes.org.br\/site\/wp-json\/wp\/v2\/users\/2"}],"replies":[{"embeddable":true,"href":"https:\/\/sinpes.org.br\/site\/wp-json\/wp\/v2\/comments?post=1200"}],"version-history":[{"count":1,"href":"https:\/\/sinpes.org.br\/site\/wp-json\/wp\/v2\/posts\/1200\/revisions"}],"predecessor-version":[{"id":1201,"href":"https:\/\/sinpes.org.br\/site\/wp-json\/wp\/v2\/posts\/1200\/revisions\/1201"}],"wp:featuredmedia":[{"embeddable":true,"href":"https:\/\/sinpes.org.br\/site\/wp-json\/wp\/v2\/media\/1163"}],"wp:attachment":[{"href":"https:\/\/sinpes.org.br\/site\/wp-json\/wp\/v2\/media?parent=1200"}],"wp:term":[{"taxonomy":"category","embeddable":true,"href":"https:\/\/sinpes.org.br\/site\/wp-json\/wp\/v2\/categories?post=1200"},{"taxonomy":"post_tag","embeddable":true,"href":"https:\/\/sinpes.org.br\/site\/wp-json\/wp\/v2\/tags?post=1200"}],"curies":[{"name":"wp","href":"https:\/\/api.w.org\/{rel}","templated":true}]}}