{"id":1197,"date":"2017-05-31T10:53:54","date_gmt":"2017-05-31T13:53:54","guid":{"rendered":"http:\/\/sinpes.org.br\/site\/?p=1197"},"modified":"2017-09-28T16:40:34","modified_gmt":"2017-09-28T19:40:34","slug":"sinpes-cobra-mais-seguranca-da-universidade-positivo-apos-queda-de-vitral-e-relato-de-estupro-dentro-do-campus","status":"publish","type":"post","link":"https:\/\/sinpes.org.br\/site\/sinpes-cobra-mais-seguranca-da-universidade-positivo-apos-queda-de-vitral-e-relato-de-estupro-dentro-do-campus\/","title":{"rendered":"Sinpes Cobra Mais Seguran\u00e7a da Universidade Positivo Ap\u00f3s Queda de Vitral e Relato de Estupro Dentro do Campus"},"content":{"rendered":"<p style=\"text-align: justify;\">Ap\u00f3s dois epis\u00f3dios graves que revelam displic\u00eancia em rela\u00e7\u00e3o \u00e0 falta de seguran\u00e7a no ambiente universit\u00e1rio, a Universidade Positivo manteve-se em sil\u00eancio e n\u00e3o compareceu \u00e0 \u00faltima Mesa Redonda convocada pelo Sinpes &#8211; Sindicato dos Professores do Ensino Superior de Curitiba e da Regi\u00e3o Metropolitana.<\/p>\n<p style=\"text-align: justify;\">A reuni\u00e3o tinha como objetivo, fazer com que a UP prestasse os esclarecimentos necess\u00e1rios sobre a queda de um vitral em fevereiro deste ano, que feriu gravemente uma pessoa que passava pela Rua XV de Novembro, no Centro de Curitiba e a divulga\u00e7\u00e3o do estupro de uma estudante da IE, de 19 anos, que teria ocorrido em abril passado, no Campus Ecoville, pela precariedade das condi\u00e7\u00f5es de ilumina\u00e7\u00e3o e de seguran\u00e7a nos diversos espa\u00e7os acad\u00eamicos.<\/p>\n<p style=\"text-align: justify;\">Apesar da relev\u00e2ncia social desses acontecimentos, a UP simplesmente se omitiu e deixou os representantes do Sindicato esperando por 45 minutos, antes de a Mesa Redonda ser encerrada pelo n\u00e3o comparecimento das autoridades universit\u00e1rias ao evento.<\/p>\n<p style=\"text-align: justify;\">O Sinpes tem recebido diversas reclama\u00e7\u00f5es de alunos e professores que se queixam da falta de zelo pela integridade f\u00edsica de quem frequenta a Universidade Positivo. O Sindicato exige que medidas preventivas sejam adotadas para que epis\u00f3dios como estes jamais voltem a ocorrer e lamenta a prepot\u00eancia dos respons\u00e1veis pela Universidade Positivo que optaram por n\u00e3o enfrentar o di\u00e1logo proposto pela entidade sindical.<\/p>\n<!-- AddThis Advanced Settings generic via filter on the_content --><!-- AddThis Share Buttons generic via filter on the_content -->","protected":false},"excerpt":{"rendered":"<p>Ap\u00f3s dois epis\u00f3dios graves que revelam displic\u00eancia em rela\u00e7\u00e3o \u00e0 falta de seguran\u00e7a no ambiente universit\u00e1rio, a Universidade Positivo manteve-se em sil\u00eancio e n\u00e3o compareceu \u00e0 \u00faltima Mesa Redonda convocada pelo Sinpes &#8211; Sindicato dos Professores do Ensino Superior de Curitiba e da Regi\u00e3o Metropolitana. A reuni\u00e3o tinha como objetivo, fazer com que a UP [&hellip;]<!-- AddThis Advanced Settings generic via filter on wp_trim_excerpt --><!-- AddThis Share Buttons generic via filter on wp_trim_excerpt --><\/p>\n","protected":false},"author":2,"featured_media":0,"comment_status":"closed","ping_status":"open","sticky":false,"template":"","format":"standard","meta":{"footnotes":""},"categories":[18,175],"tags":[205,204,198],"class_list":["post-1197","post","type-post","status-publish","format-standard","hentry","category-destaque","category-positivo","tag-estupro","tag-queda-de-vitral","tag-universidade-positivo"],"_links":{"self":[{"href":"https:\/\/sinpes.org.br\/site\/wp-json\/wp\/v2\/posts\/1197","targetHints":{"allow":["GET"]}}],"collection":[{"href":"https:\/\/sinpes.org.br\/site\/wp-json\/wp\/v2\/posts"}],"about":[{"href":"https:\/\/sinpes.org.br\/site\/wp-json\/wp\/v2\/types\/post"}],"author":[{"embeddable":true,"href":"https:\/\/sinpes.org.br\/site\/wp-json\/wp\/v2\/users\/2"}],"replies":[{"embeddable":true,"href":"https:\/\/sinpes.org.br\/site\/wp-json\/wp\/v2\/comments?post=1197"}],"version-history":[{"count":1,"href":"https:\/\/sinpes.org.br\/site\/wp-json\/wp\/v2\/posts\/1197\/revisions"}],"predecessor-version":[{"id":1198,"href":"https:\/\/sinpes.org.br\/site\/wp-json\/wp\/v2\/posts\/1197\/revisions\/1198"}],"wp:attachment":[{"href":"https:\/\/sinpes.org.br\/site\/wp-json\/wp\/v2\/media?parent=1197"}],"wp:term":[{"taxonomy":"category","embeddable":true,"href":"https:\/\/sinpes.org.br\/site\/wp-json\/wp\/v2\/categories?post=1197"},{"taxonomy":"post_tag","embeddable":true,"href":"https:\/\/sinpes.org.br\/site\/wp-json\/wp\/v2\/tags?post=1197"}],"curies":[{"name":"wp","href":"https:\/\/api.w.org\/{rel}","templated":true}]}}