{"id":1170,"date":"2017-05-22T12:37:01","date_gmt":"2017-05-22T15:37:01","guid":{"rendered":"http:\/\/sinpes.org.br\/site\/?p=1170"},"modified":"2017-09-28T16:40:49","modified_gmt":"2017-09-28T19:40:49","slug":"mesa-redonda-universidade-positivo","status":"publish","type":"post","link":"https:\/\/sinpes.org.br\/site\/mesa-redonda-universidade-positivo\/","title":{"rendered":"Mesa Redonda Universidade Positivo"},"content":{"rendered":"<p><img loading=\"lazy\" decoding=\"async\" class=\"size-medium wp-image-1172 alignleft\" src=\"http:\/\/sinpes.org.br\/site\/wp-content\/uploads\/2017\/05\/Imagem-1-300x195.jpg\" alt=\"\" width=\"300\" height=\"195\" srcset=\"https:\/\/sinpes.org.br\/site\/wp-content\/uploads\/2017\/05\/Imagem-1-300x195.jpg 300w, https:\/\/sinpes.org.br\/site\/wp-content\/uploads\/2017\/05\/Imagem-1-768x499.jpg 768w, https:\/\/sinpes.org.br\/site\/wp-content\/uploads\/2017\/05\/Imagem-1-1024x665.jpg 1024w\" sizes=\"auto, (max-width: 300px) 100vw, 300px\" \/>Universidade Positivo n\u00e3o comparece na Audi\u00eancia convocada pelo Sinpes para tratar de problemas de seguran\u00e7a.<\/p>\n<p><img loading=\"lazy\" decoding=\"async\" class=\"size-medium wp-image-1171 alignnone\" src=\"http:\/\/sinpes.org.br\/site\/wp-content\/uploads\/2017\/05\/Imagem-2-300x192.jpg\" alt=\"\" width=\"300\" height=\"192\" srcset=\"https:\/\/sinpes.org.br\/site\/wp-content\/uploads\/2017\/05\/Imagem-2-300x192.jpg 300w, https:\/\/sinpes.org.br\/site\/wp-content\/uploads\/2017\/05\/Imagem-2-768x490.jpg 768w, https:\/\/sinpes.org.br\/site\/wp-content\/uploads\/2017\/05\/Imagem-2-1024x654.jpg 1024w\" sizes=\"auto, (max-width: 300px) 100vw, 300px\" \/>&nbsp;&nbsp;<\/p>\n<p><a class=\"fasc-button fasc-size-medium fasc-type-glossy fasc-rounded-medium fasc-ico-before dashicons-admin-links\" style=\"background-color: #31adde; color: #ffffff;\" target=\"_blank\" rel=\"noopener noreferrer\" data-fasc-id=\"fasc-button-tid-1495467383730\" href=\"http:\/\/sinpes.org.br\/site\/wp-content\/uploads\/2017\/05\/19.05.2017.Mesa-Redonda.pdf\">MESA REDONDA<\/a><\/p>\n<!-- AddThis Advanced Settings generic via filter on the_content --><!-- AddThis Share Buttons generic via filter on the_content -->","protected":false},"excerpt":{"rendered":"<p>Universidade Positivo n\u00e3o comparece na Audi\u00eancia convocada pelo Sinpes para tratar de problemas de seguran\u00e7a. &nbsp;&nbsp; MESA REDONDA<!-- AddThis Advanced Settings generic via filter on wp_trim_excerpt --><!-- AddThis Share Buttons generic via filter on wp_trim_excerpt --><\/p>\n","protected":false},"author":2,"featured_media":0,"comment_status":"closed","ping_status":"open","sticky":false,"template":"","format":"standard","meta":{"footnotes":""},"categories":[18,175],"tags":[126,198],"class_list":["post-1170","post","type-post","status-publish","format-standard","hentry","category-destaque","category-positivo","tag-mesa-redonda","tag-universidade-positivo"],"_links":{"self":[{"href":"https:\/\/sinpes.org.br\/site\/wp-json\/wp\/v2\/posts\/1170","targetHints":{"allow":["GET"]}}],"collection":[{"href":"https:\/\/sinpes.org.br\/site\/wp-json\/wp\/v2\/posts"}],"about":[{"href":"https:\/\/sinpes.org.br\/site\/wp-json\/wp\/v2\/types\/post"}],"author":[{"embeddable":true,"href":"https:\/\/sinpes.org.br\/site\/wp-json\/wp\/v2\/users\/2"}],"replies":[{"embeddable":true,"href":"https:\/\/sinpes.org.br\/site\/wp-json\/wp\/v2\/comments?post=1170"}],"version-history":[{"count":7,"href":"https:\/\/sinpes.org.br\/site\/wp-json\/wp\/v2\/posts\/1170\/revisions"}],"predecessor-version":[{"id":1181,"href":"https:\/\/sinpes.org.br\/site\/wp-json\/wp\/v2\/posts\/1170\/revisions\/1181"}],"wp:attachment":[{"href":"https:\/\/sinpes.org.br\/site\/wp-json\/wp\/v2\/media?parent=1170"}],"wp:term":[{"taxonomy":"category","embeddable":true,"href":"https:\/\/sinpes.org.br\/site\/wp-json\/wp\/v2\/categories?post=1170"},{"taxonomy":"post_tag","embeddable":true,"href":"https:\/\/sinpes.org.br\/site\/wp-json\/wp\/v2\/tags?post=1170"}],"curies":[{"name":"wp","href":"https:\/\/api.w.org\/{rel}","templated":true}]}}