{"id":1162,"date":"2017-05-18T17:08:36","date_gmt":"2017-05-18T20:08:36","guid":{"rendered":"http:\/\/sinpes.org.br\/site\/?p=1162"},"modified":"2017-05-19T14:05:25","modified_gmt":"2017-05-19T17:05:25","slug":"diretas-ja","status":"publish","type":"post","link":"https:\/\/sinpes.org.br\/site\/diretas-ja\/","title":{"rendered":"Diretas J\u00e1!!!"},"content":{"rendered":"<p style=\"text-align: justify;\">Com as den\u00fancias veiculadas a respeito de prov\u00e1vel interfer\u00eancia direta do Presidente Michel Temer em preju\u00edzo da elucida\u00e7\u00e3o dos fatos delituosos praticados pelo grupo que se assenhorou do poder pol\u00edtico nacional confirmou-se o que se suspeitava: as diversas medidas em andamento e j\u00e1 concretizadas em preju\u00edzo dos trabalhadores n\u00e3o passam de escandaloso acerto incompat\u00edvel com o esp\u00edrito republicano que deveria permear os integrantes dos Poderes da Rep\u00fablica.<!--more--><\/p>\n<p style=\"text-align: justify;\">A reforma do ensino m\u00e9dio (com o \u201ccontrabando jur\u00eddico\u201d que pretende acabar com a jornada diferenciada dos professores), a terceiriza\u00e7\u00e3o a\u00e7odada e desenfreada e a legisla\u00e7\u00e3o que regulamenta o trabalho de cabeleireiros e gar\u00e7ons s\u00e3o singelos exemplos da voracidade no desmantelamento de direitos perpetrada por Michel Temer e seus caudat\u00e1rios. Devem ser imediatamente extirpadas do ordenamento jur\u00eddico mediante declara\u00e7\u00e3o de sua evidente inconstitucionalidade por parte do Supremo Tribunal Federal.<\/p>\n<p style=\"text-align: justify;\">O pior que ainda estava por vir \u2013 as \u201creformas\u201d trabalhistas e previdenci\u00e1ria \u2013 deve ser imediatamente deixado de lado, uma vez demonstrado que seus proponentes e adeptos n\u00e3o possuem qualquer compromisso com o bem-estar do povo brasileiro, atuando a servi\u00e7o de seus pr\u00f3prios e mesquinhos interesses.<\/p>\n<p style=\"text-align: justify;\">Para que essas propostas se viabilizem imperioso que seja dado imediato andamento \u00e0 emenda constitucional que estabelece elei\u00e7\u00f5es diretas para Presidente da Rep\u00fablica em caso de vac\u00e2ncia do cargo depois de decorrida a metade do mandato.&nbsp;&nbsp;&nbsp;&nbsp;&nbsp;&nbsp;&nbsp;&nbsp;&nbsp;&nbsp; &nbsp;&nbsp;&nbsp;&nbsp;&nbsp;&nbsp;&nbsp;&nbsp;&nbsp;&nbsp;&nbsp;&nbsp;&nbsp;&nbsp;&nbsp;&nbsp;&nbsp;&nbsp;&nbsp;&nbsp;&nbsp;&nbsp;&nbsp;&nbsp;&nbsp;&nbsp;&nbsp;&nbsp;&nbsp;&nbsp;&nbsp;&nbsp;&nbsp;&nbsp; &nbsp;&nbsp;&nbsp;&nbsp;&nbsp;&nbsp;&nbsp;&nbsp;&nbsp;&nbsp;<\/p>\n<p style=\"text-align: justify;\">Qualquer outra solu\u00e7\u00e3o que se pretenda dar \u00e0 crise permitir\u00e1 que novos conchavos e jeitinhos priorizem o interesse dos grandes grupos econ\u00f4micos nacionais e estrangeiros em detrimento dos l\u00eddimos interesses do povo brasileiro.<\/p>\n<p style=\"text-align: justify;\">Todos \u00e0 rua clamando pelo imediato sobrestamento da destrui\u00e7\u00e3o de direitos sociais e civis em andamento e por <strong>ELEI\u00c7\u00d5ES DIRETAS J\u00c1<\/strong> para Presidente e Vice-Presidente da Rep\u00fablica.<\/p>\n<p style=\"text-align: justify;\">&nbsp;<\/p>\n<p style=\"text-align: justify;\"><strong>DIRETORIA DO SINPES.<\/strong><\/p>\n<p style=\"text-align: justify;\">&nbsp;<\/p>\n<!-- AddThis Advanced Settings generic via filter on the_content --><!-- AddThis Share Buttons generic via filter on the_content -->","protected":false},"excerpt":{"rendered":"<p>Com as den\u00fancias veiculadas a respeito de prov\u00e1vel interfer\u00eancia direta do Presidente Michel Temer em preju\u00edzo da elucida\u00e7\u00e3o dos fatos delituosos praticados pelo grupo que se assenhorou do poder pol\u00edtico nacional confirmou-se o que se suspeitava: as diversas medidas em andamento e j\u00e1 concretizadas em preju\u00edzo dos trabalhadores n\u00e3o passam de escandaloso acerto incompat\u00edvel com [&hellip;]<!-- AddThis Advanced Settings generic via filter on wp_trim_excerpt --><!-- AddThis Share Buttons generic via filter on wp_trim_excerpt --><\/p>\n","protected":false},"author":2,"featured_media":1163,"comment_status":"closed","ping_status":"open","sticky":false,"template":"","format":"standard","meta":{"footnotes":""},"categories":[13,5],"tags":[201,203,202],"class_list":["post-1162","post","type-post","status-publish","format-standard","has-post-thumbnail","hentry","category-home","category-sinpes","tag-diretas-ja","tag-eleicoes","tag-presidente-michel-temer"],"_links":{"self":[{"href":"https:\/\/sinpes.org.br\/site\/wp-json\/wp\/v2\/posts\/1162","targetHints":{"allow":["GET"]}}],"collection":[{"href":"https:\/\/sinpes.org.br\/site\/wp-json\/wp\/v2\/posts"}],"about":[{"href":"https:\/\/sinpes.org.br\/site\/wp-json\/wp\/v2\/types\/post"}],"author":[{"embeddable":true,"href":"https:\/\/sinpes.org.br\/site\/wp-json\/wp\/v2\/users\/2"}],"replies":[{"embeddable":true,"href":"https:\/\/sinpes.org.br\/site\/wp-json\/wp\/v2\/comments?post=1162"}],"version-history":[{"count":5,"href":"https:\/\/sinpes.org.br\/site\/wp-json\/wp\/v2\/posts\/1162\/revisions"}],"predecessor-version":[{"id":1169,"href":"https:\/\/sinpes.org.br\/site\/wp-json\/wp\/v2\/posts\/1162\/revisions\/1169"}],"wp:featuredmedia":[{"embeddable":true,"href":"https:\/\/sinpes.org.br\/site\/wp-json\/wp\/v2\/media\/1163"}],"wp:attachment":[{"href":"https:\/\/sinpes.org.br\/site\/wp-json\/wp\/v2\/media?parent=1162"}],"wp:term":[{"taxonomy":"category","embeddable":true,"href":"https:\/\/sinpes.org.br\/site\/wp-json\/wp\/v2\/categories?post=1162"},{"taxonomy":"post_tag","embeddable":true,"href":"https:\/\/sinpes.org.br\/site\/wp-json\/wp\/v2\/tags?post=1162"}],"curies":[{"name":"wp","href":"https:\/\/api.w.org\/{rel}","templated":true}]}}