{"id":1154,"date":"2017-05-11T11:25:53","date_gmt":"2017-05-11T14:25:53","guid":{"rendered":"http:\/\/sinpes.org.br\/site\/?p=1154"},"modified":"2017-05-11T11:27:10","modified_gmt":"2017-05-11T14:27:10","slug":"diretoria-do-sinpes-se-reuniu-com-representantes-da-facel","status":"publish","type":"post","link":"https:\/\/sinpes.org.br\/site\/diretoria-do-sinpes-se-reuniu-com-representantes-da-facel\/","title":{"rendered":"Diretoria do Sinpes se Reuniu com Representantes da Facel"},"content":{"rendered":"<div id=\"js_1l9\" class=\"_5pbx userContent\" data-ft=\"{&quot;tn&quot;:&quot;K&quot;}\">\n<p style=\"text-align: justify;\">Na tarde de ontem (10\/05\/2017) a Diretoria do Sinpes se reuniu com os representantes da Facel para discutir solu\u00e7\u00f5es negociadas para o pagamento dos sal\u00e1rios atrasados.<\/p>\n<p style=\"text-align: justify;\"><img loading=\"lazy\" decoding=\"async\" class=\"size-medium wp-image-1155 alignnone\" src=\"http:\/\/sinpes.org.br\/site\/wp-content\/uploads\/2017\/05\/facel1-300x225.jpg\" alt=\"\" width=\"300\" height=\"225\" srcset=\"https:\/\/sinpes.org.br\/site\/wp-content\/uploads\/2017\/05\/facel1-300x225.jpg 300w, https:\/\/sinpes.org.br\/site\/wp-content\/uploads\/2017\/05\/facel1-768x576.jpg 768w, https:\/\/sinpes.org.br\/site\/wp-content\/uploads\/2017\/05\/facel1.jpg 960w\" sizes=\"auto, (max-width: 300px) 100vw, 300px\" \/> <img loading=\"lazy\" decoding=\"async\" class=\"size-medium wp-image-1156 alignnone\" src=\"http:\/\/sinpes.org.br\/site\/wp-content\/uploads\/2017\/05\/facel2-300x225.jpg\" alt=\"\" width=\"300\" height=\"225\" srcset=\"https:\/\/sinpes.org.br\/site\/wp-content\/uploads\/2017\/05\/facel2-300x225.jpg 300w, https:\/\/sinpes.org.br\/site\/wp-content\/uploads\/2017\/05\/facel2-768x576.jpg 768w, https:\/\/sinpes.org.br\/site\/wp-content\/uploads\/2017\/05\/facel2.jpg 960w\" sizes=\"auto, (max-width: 300px) 100vw, 300px\" \/><\/p>\n<\/div>\n<!-- AddThis Advanced Settings generic via filter on the_content --><!-- AddThis Share Buttons generic via filter on the_content -->","protected":false},"excerpt":{"rendered":"<p>Na tarde de ontem (10\/05\/2017) a Diretoria do Sinpes se reuniu com os representantes da Facel para discutir solu\u00e7\u00f5es negociadas para o pagamento dos sal\u00e1rios atrasados.<!-- AddThis Advanced Settings generic via filter on wp_trim_excerpt --><!-- AddThis Share Buttons generic via filter on wp_trim_excerpt --><\/p>\n","protected":false},"author":2,"featured_media":0,"comment_status":"closed","ping_status":"open","sticky":false,"template":"","format":"standard","meta":{"footnotes":""},"categories":[56,5],"tags":[],"class_list":["post-1154","post","type-post","status-publish","format-standard","hentry","category-facel","category-sinpes"],"_links":{"self":[{"href":"https:\/\/sinpes.org.br\/site\/wp-json\/wp\/v2\/posts\/1154","targetHints":{"allow":["GET"]}}],"collection":[{"href":"https:\/\/sinpes.org.br\/site\/wp-json\/wp\/v2\/posts"}],"about":[{"href":"https:\/\/sinpes.org.br\/site\/wp-json\/wp\/v2\/types\/post"}],"author":[{"embeddable":true,"href":"https:\/\/sinpes.org.br\/site\/wp-json\/wp\/v2\/users\/2"}],"replies":[{"embeddable":true,"href":"https:\/\/sinpes.org.br\/site\/wp-json\/wp\/v2\/comments?post=1154"}],"version-history":[{"count":4,"href":"https:\/\/sinpes.org.br\/site\/wp-json\/wp\/v2\/posts\/1154\/revisions"}],"predecessor-version":[{"id":1160,"href":"https:\/\/sinpes.org.br\/site\/wp-json\/wp\/v2\/posts\/1154\/revisions\/1160"}],"wp:attachment":[{"href":"https:\/\/sinpes.org.br\/site\/wp-json\/wp\/v2\/media?parent=1154"}],"wp:term":[{"taxonomy":"category","embeddable":true,"href":"https:\/\/sinpes.org.br\/site\/wp-json\/wp\/v2\/categories?post=1154"},{"taxonomy":"post_tag","embeddable":true,"href":"https:\/\/sinpes.org.br\/site\/wp-json\/wp\/v2\/tags?post=1154"}],"curies":[{"name":"wp","href":"https:\/\/api.w.org\/{rel}","templated":true}]}}