{"id":1145,"date":"2017-05-10T14:31:32","date_gmt":"2017-05-10T17:31:32","guid":{"rendered":"http:\/\/sinpes.org.br\/site\/?p=1145"},"modified":"2017-09-28T16:41:14","modified_gmt":"2017-09-28T19:41:14","slug":"sinpes-convoca-universidade-positivo-para-mesa-redonda","status":"publish","type":"post","link":"https:\/\/sinpes.org.br\/site\/sinpes-convoca-universidade-positivo-para-mesa-redonda\/","title":{"rendered":"Sinpes Convoca Universidade Positivo Para Mesa Redonda"},"content":{"rendered":"<p style=\"text-align: justify;\">O SINPES \u2013 Sindicato dos Professores do Ensino Superior de Curitiba e da Regi\u00e3o Metropolitana &#8211; atento e preocupado com a seguran\u00e7a e a incolumidade f\u00edsica dos integrantes da comunidade acad\u00eamica na Universidade Positivo, informa aos interessados que convocou a dire\u00e7\u00e3o da UP <!--more-->para uma mesa redonda na Superintend\u00eancia Regional do Trabalho para tratar dessa quest\u00e3o.<\/p>\n<p style=\"text-align: justify;\">A lucratividade e a propaganda n\u00e3o podem se sobrepor ao m\u00ednimo de seguran\u00e7a que deve ser garantida para a preserva\u00e7\u00e3o da vida, da incolumidade f\u00edsica e da tranquilidade m\u00ednima que uma Universidade tem o dever \u00e9tico e legal de oferecer \u00e0s professoras, professores, acad\u00eamicos e visitantes.<\/p>\n<p style=\"text-align: justify;\">A recente divulga\u00e7\u00e3o de um estupro que teria ocorrido no campus principal da Universidade Positivo e a queda de um vitral na via p\u00fablica ferindo um transeunte que passava desavisadamente pela Rua XV de Novembro no in\u00edcio do ano letivo alarma a comunidade acad\u00eamica em face das m\u00e1s condi\u00e7\u00f5es de ilumina\u00e7\u00e3o e de seguran\u00e7a nos diversos ambientes universit\u00e1rios de responsabilidade da Universidade Positivo.<\/p>\n<p style=\"text-align: justify;\">Ressalvado o direito de ir e vir e de livre express\u00e3o das pessoas de bem, que n\u00e3o pode ser mitigado em um ambiente universit\u00e1rio sob nenhum pretexto, o Sinpes exige que medidas preventivas sejam adotadas para epis\u00f3dios lament\u00e1veis como estes jamais voltem a ocorrer.<\/p>\n<p style=\"text-align: justify;\"><strong>Diretoria Sinpes<\/strong><\/p>\n<!-- AddThis Advanced Settings generic via filter on the_content --><!-- AddThis Share Buttons generic via filter on the_content -->","protected":false},"excerpt":{"rendered":"<p>O SINPES \u2013 Sindicato dos Professores do Ensino Superior de Curitiba e da Regi\u00e3o Metropolitana &#8211; atento e preocupado com a seguran\u00e7a e a incolumidade f\u00edsica dos integrantes da comunidade acad\u00eamica na Universidade Positivo, informa aos interessados que convocou a dire\u00e7\u00e3o da UP<!-- AddThis Advanced Settings generic via filter on wp_trim_excerpt --><!-- AddThis Share Buttons generic via filter on wp_trim_excerpt --><\/p>\n","protected":false},"author":2,"featured_media":1146,"comment_status":"closed","ping_status":"open","sticky":false,"template":"","format":"standard","meta":{"footnotes":""},"categories":[18,13,175],"tags":[126,198],"class_list":["post-1145","post","type-post","status-publish","format-standard","has-post-thumbnail","hentry","category-destaque","category-home","category-positivo","tag-mesa-redonda","tag-universidade-positivo"],"_links":{"self":[{"href":"https:\/\/sinpes.org.br\/site\/wp-json\/wp\/v2\/posts\/1145","targetHints":{"allow":["GET"]}}],"collection":[{"href":"https:\/\/sinpes.org.br\/site\/wp-json\/wp\/v2\/posts"}],"about":[{"href":"https:\/\/sinpes.org.br\/site\/wp-json\/wp\/v2\/types\/post"}],"author":[{"embeddable":true,"href":"https:\/\/sinpes.org.br\/site\/wp-json\/wp\/v2\/users\/2"}],"replies":[{"embeddable":true,"href":"https:\/\/sinpes.org.br\/site\/wp-json\/wp\/v2\/comments?post=1145"}],"version-history":[{"count":5,"href":"https:\/\/sinpes.org.br\/site\/wp-json\/wp\/v2\/posts\/1145\/revisions"}],"predecessor-version":[{"id":1151,"href":"https:\/\/sinpes.org.br\/site\/wp-json\/wp\/v2\/posts\/1145\/revisions\/1151"}],"wp:featuredmedia":[{"embeddable":true,"href":"https:\/\/sinpes.org.br\/site\/wp-json\/wp\/v2\/media\/1146"}],"wp:attachment":[{"href":"https:\/\/sinpes.org.br\/site\/wp-json\/wp\/v2\/media?parent=1145"}],"wp:term":[{"taxonomy":"category","embeddable":true,"href":"https:\/\/sinpes.org.br\/site\/wp-json\/wp\/v2\/categories?post=1145"},{"taxonomy":"post_tag","embeddable":true,"href":"https:\/\/sinpes.org.br\/site\/wp-json\/wp\/v2\/tags?post=1145"}],"curies":[{"name":"wp","href":"https:\/\/api.w.org\/{rel}","templated":true}]}}