{"id":1141,"date":"2017-05-08T13:33:16","date_gmt":"2017-05-08T16:33:16","guid":{"rendered":"http:\/\/sinpes.org.br\/site\/?p=1141"},"modified":"2017-05-08T13:33:16","modified_gmt":"2017-05-08T16:33:16","slug":"sinpes-e-falec-discutem-condicao-de-trabalho-dos-professores","status":"publish","type":"post","link":"https:\/\/sinpes.org.br\/site\/sinpes-e-falec-discutem-condicao-de-trabalho-dos-professores\/","title":{"rendered":"Sinpes e FALEC Discutem Condi\u00e7\u00e3o de Trabalho dos Professores"},"content":{"rendered":"<p style=\"text-align: justify;\"><img loading=\"lazy\" decoding=\"async\" class=\"size-medium wp-image-1142 alignleft\" src=\"http:\/\/sinpes.org.br\/site\/wp-content\/uploads\/2017\/05\/sinpes-falec-300x169.jpg\" alt=\"\" width=\"300\" height=\"169\" srcset=\"https:\/\/sinpes.org.br\/site\/wp-content\/uploads\/2017\/05\/sinpes-falec-300x169.jpg 300w, https:\/\/sinpes.org.br\/site\/wp-content\/uploads\/2017\/05\/sinpes-falec-768x432.jpg 768w, https:\/\/sinpes.org.br\/site\/wp-content\/uploads\/2017\/05\/sinpes-falec-1024x576.jpg 1024w, https:\/\/sinpes.org.br\/site\/wp-content\/uploads\/2017\/05\/sinpes-falec.jpg 1032w\" sizes=\"auto, (max-width: 300px) 100vw, 300px\" \/><\/p>\n<p style=\"text-align: justify;\">Ap\u00f3s a mobiliza\u00e7\u00e3o que paralisou o Brasil, a primeira semana de maio continuou movimentada para o Sinpes. Na sexta-feira, dia 05, os dirigentes do Sindicato discutiram com representantes da FALEC &#8211; Faculdade Doutor Jos\u00e9 Leoc\u00e1dio Jos\u00e9 Correia &#8211; acerca das condi\u00e7\u00f5es de trabalho dos professores desta Institui\u00e7\u00e3o de Ensino Superior, na Superintend\u00eancia Regional do Trabalho.<\/p>\n<!-- AddThis Advanced Settings generic via filter on the_content --><!-- AddThis Share Buttons generic via filter on the_content -->","protected":false},"excerpt":{"rendered":"<p>Ap\u00f3s a mobiliza\u00e7\u00e3o que paralisou o Brasil, a primeira semana de maio continuou movimentada para o Sinpes. Na sexta-feira, dia 05, os dirigentes do Sindicato discutiram com representantes da FALEC &#8211; Faculdade Doutor Jos\u00e9 Leoc\u00e1dio Jos\u00e9 Correia &#8211; acerca das condi\u00e7\u00f5es de trabalho dos professores desta Institui\u00e7\u00e3o de Ensino Superior, na Superintend\u00eancia Regional do Trabalho.<!-- AddThis Advanced Settings generic via filter on wp_trim_excerpt --><!-- AddThis Share Buttons generic via filter on wp_trim_excerpt --><\/p>\n","protected":false},"author":2,"featured_media":0,"comment_status":"closed","ping_status":"open","sticky":false,"template":"","format":"standard","meta":{"footnotes":""},"categories":[5],"tags":[197,22,62],"class_list":["post-1141","post","type-post","status-publish","format-standard","hentry","category-sinpes","tag-falec","tag-professores","tag-sinpes"],"_links":{"self":[{"href":"https:\/\/sinpes.org.br\/site\/wp-json\/wp\/v2\/posts\/1141","targetHints":{"allow":["GET"]}}],"collection":[{"href":"https:\/\/sinpes.org.br\/site\/wp-json\/wp\/v2\/posts"}],"about":[{"href":"https:\/\/sinpes.org.br\/site\/wp-json\/wp\/v2\/types\/post"}],"author":[{"embeddable":true,"href":"https:\/\/sinpes.org.br\/site\/wp-json\/wp\/v2\/users\/2"}],"replies":[{"embeddable":true,"href":"https:\/\/sinpes.org.br\/site\/wp-json\/wp\/v2\/comments?post=1141"}],"version-history":[{"count":1,"href":"https:\/\/sinpes.org.br\/site\/wp-json\/wp\/v2\/posts\/1141\/revisions"}],"predecessor-version":[{"id":1143,"href":"https:\/\/sinpes.org.br\/site\/wp-json\/wp\/v2\/posts\/1141\/revisions\/1143"}],"wp:attachment":[{"href":"https:\/\/sinpes.org.br\/site\/wp-json\/wp\/v2\/media?parent=1141"}],"wp:term":[{"taxonomy":"category","embeddable":true,"href":"https:\/\/sinpes.org.br\/site\/wp-json\/wp\/v2\/categories?post=1141"},{"taxonomy":"post_tag","embeddable":true,"href":"https:\/\/sinpes.org.br\/site\/wp-json\/wp\/v2\/tags?post=1141"}],"curies":[{"name":"wp","href":"https:\/\/api.w.org\/{rel}","templated":true}]}}