{"id":1136,"date":"2017-05-08T13:25:39","date_gmt":"2017-05-08T16:25:39","guid":{"rendered":"http:\/\/sinpes.org.br\/site\/?p=1136"},"modified":"2017-05-08T13:26:47","modified_gmt":"2017-05-08T16:26:47","slug":"sinpes-sindesc-e-simepar-atuam-em-conjunto-em-busca-de-solucao-para-o-impasse-vivido-pelo-hospital-evangelico","status":"publish","type":"post","link":"https:\/\/sinpes.org.br\/site\/sinpes-sindesc-e-simepar-atuam-em-conjunto-em-busca-de-solucao-para-o-impasse-vivido-pelo-hospital-evangelico\/","title":{"rendered":"SINPES, SINDESC E SIMEPAR Atuam em Conjunto em Busca de Solu\u00e7\u00e3o para o Impasse Vivido pelo Hospital Evang\u00e9lico"},"content":{"rendered":"<p style=\"text-align: justify;\">Na quarta-feira, 03 de maio de 2017, o Secret\u00e1rio Municipal de Sa\u00fade, Dr. Jo\u00e3o Carlos Baracho, recebeu a comiss\u00e3o formada pelos tr\u00eas Sindicatos: SINPES (Prof. Ilda Lopes Witiuk), SIMEPAR <!--more-->(M\u00e9dicos: Mario Ferrari e Jos\u00e9 Ferreira Lopes)\u00a0 e SINDESC (Sra. Isabel Cristina Gon\u00e7alves). A comiss\u00e3o formada pelos tr\u00eas sindicatos, que representam os trabalhadores da institui\u00e7\u00e3o Sociedade Evang\u00e9lica Beneficente de Curitiba (SEB) &#8211; \u00a0mantenedora da Faculdade e Hospital Evang\u00e9lico -, \u00a0tem acompanhado o processo de interven\u00e7\u00e3o judicial, determinado pela justi\u00e7a do trabalho, vivido pela Sociedade Evang\u00e9lica.<\/p>\n<p style=\"text-align: justify;\"><img loading=\"lazy\" decoding=\"async\" class=\"size-medium wp-image-1137 alignleft\" src=\"http:\/\/sinpes.org.br\/site\/wp-content\/uploads\/2017\/05\/Hospital-Evang\u00e9lico-300x300.jpg\" alt=\"\" width=\"300\" height=\"300\" srcset=\"https:\/\/sinpes.org.br\/site\/wp-content\/uploads\/2017\/05\/Hospital-Evang\u00e9lico-300x300.jpg 300w, https:\/\/sinpes.org.br\/site\/wp-content\/uploads\/2017\/05\/Hospital-Evang\u00e9lico-150x150.jpg 150w, https:\/\/sinpes.org.br\/site\/wp-content\/uploads\/2017\/05\/Hospital-Evang\u00e9lico.jpg 618w\" sizes=\"auto, (max-width: 300px) 100vw, 300px\" \/>A SEB acumula uma d\u00edvida aproximada de R$ 386 milh\u00f5es de reais, tendo mantido em atraso os sal\u00e1rios dos trabalhadores das diversas \u00e1reas. No que se refere aos professores uma engenhosa \u201csepara\u00e7\u00e3o de caixas\u201d artificialmente concebida pelo Juiz da 9\u00aa Vara do Trabalho de Curitiba vem blindando a faculdade e permitindo o pagamento em dia dos sal\u00e1rios. Entretanto a situa\u00e7\u00e3o equipara-se a uma bomba rel\u00f3gio, na medida em que juridicamente a Sociedade Evang\u00e9lica Beneficente de Curitiba \u00e9 a mantenedora do hospital e da faculdade, respondendo igualmente por todas as d\u00edvidas das entidades mantidas como se fosse pelo sistema de vasos comunicantes.<\/p>\n<p style=\"text-align: justify;\">A comiss\u00e3o tamb\u00e9m se reuniu na data de 04\/05 (quinta-feira) com a Coordenadora em exerc\u00edcio do N\u00facleo Estadual do Minist\u00e9rio da Sa\u00fade, Elisabeth Harumi Morita, quando encaminhou documento solicitando audi\u00eancia com o Ministro da Sa\u00fade, Ricardo Barros.<\/p>\n<!-- AddThis Advanced Settings generic via filter on the_content --><!-- AddThis Share Buttons generic via filter on the_content -->","protected":false},"excerpt":{"rendered":"<p>Na quarta-feira, 03 de maio de 2017, o Secret\u00e1rio Municipal de Sa\u00fade, Dr. Jo\u00e3o Carlos Baracho, recebeu a comiss\u00e3o formada pelos tr\u00eas Sindicatos: SINPES (Prof. Ilda Lopes Witiuk), SIMEPAR<!-- AddThis Advanced Settings generic via filter on wp_trim_excerpt --><!-- AddThis Share Buttons generic via filter on wp_trim_excerpt --><\/p>\n","protected":false},"author":2,"featured_media":1137,"comment_status":"closed","ping_status":"open","sticky":false,"template":"","format":"standard","meta":{"footnotes":""},"categories":[13,5],"tags":[194,196,195,62],"class_list":["post-1136","post","type-post","status-publish","format-standard","has-post-thumbnail","hentry","category-home","category-sinpes","tag-hospital-evangelico","tag-simepar","tag-sindesc","tag-sinpes"],"_links":{"self":[{"href":"https:\/\/sinpes.org.br\/site\/wp-json\/wp\/v2\/posts\/1136","targetHints":{"allow":["GET"]}}],"collection":[{"href":"https:\/\/sinpes.org.br\/site\/wp-json\/wp\/v2\/posts"}],"about":[{"href":"https:\/\/sinpes.org.br\/site\/wp-json\/wp\/v2\/types\/post"}],"author":[{"embeddable":true,"href":"https:\/\/sinpes.org.br\/site\/wp-json\/wp\/v2\/users\/2"}],"replies":[{"embeddable":true,"href":"https:\/\/sinpes.org.br\/site\/wp-json\/wp\/v2\/comments?post=1136"}],"version-history":[{"count":3,"href":"https:\/\/sinpes.org.br\/site\/wp-json\/wp\/v2\/posts\/1136\/revisions"}],"predecessor-version":[{"id":1140,"href":"https:\/\/sinpes.org.br\/site\/wp-json\/wp\/v2\/posts\/1136\/revisions\/1140"}],"wp:featuredmedia":[{"embeddable":true,"href":"https:\/\/sinpes.org.br\/site\/wp-json\/wp\/v2\/media\/1137"}],"wp:attachment":[{"href":"https:\/\/sinpes.org.br\/site\/wp-json\/wp\/v2\/media?parent=1136"}],"wp:term":[{"taxonomy":"category","embeddable":true,"href":"https:\/\/sinpes.org.br\/site\/wp-json\/wp\/v2\/categories?post=1136"},{"taxonomy":"post_tag","embeddable":true,"href":"https:\/\/sinpes.org.br\/site\/wp-json\/wp\/v2\/tags?post=1136"}],"curies":[{"name":"wp","href":"https:\/\/api.w.org\/{rel}","templated":true}]}}