{"id":1125,"date":"2017-04-28T19:13:55","date_gmt":"2017-04-28T22:13:55","guid":{"rendered":"http:\/\/sinpes.org.br\/site\/?p=1125"},"modified":"2017-04-28T19:35:10","modified_gmt":"2017-04-28T22:35:10","slug":"28-de-abril-de-2017-dia-de-lutar-pelos-direitos-dos-trabalhadores","status":"publish","type":"post","link":"https:\/\/sinpes.org.br\/site\/28-de-abril-de-2017-dia-de-lutar-pelos-direitos-dos-trabalhadores\/","title":{"rendered":"28 de Abril de 2017 &#8211; Dia de Lutar pelos Direitos dos Trabalhadores"},"content":{"rendered":"<p style=\"text-align: justify;\">O Sinpes, juntamente com os sindicatos mais combativos de Curitiba e da Regi\u00e3o Metropolitana, esteve presente nas manifesta\u00e7\u00f5es de 28\/04\/2017, apoiando a greve geral nacional deflagrada com o objetivo de por termo \u00e0s inescrupulosas reformas trabalhista e previdenci\u00e1ria.<\/p>\n<p style=\"text-align: justify;\"><img loading=\"lazy\" decoding=\"async\" class=\"wp-image-1123 size-medium alignleft\" src=\"http:\/\/sinpes.org.br\/site\/wp-content\/uploads\/2017\/04\/IMG-20170428-WA0121-300x169.jpg\" alt=\"\" width=\"300\" height=\"169\" srcset=\"https:\/\/sinpes.org.br\/site\/wp-content\/uploads\/2017\/04\/IMG-20170428-WA0121-300x169.jpg 300w, https:\/\/sinpes.org.br\/site\/wp-content\/uploads\/2017\/04\/IMG-20170428-WA0121-768x432.jpg 768w, https:\/\/sinpes.org.br\/site\/wp-content\/uploads\/2017\/04\/IMG-20170428-WA0121-1024x576.jpg 1024w, https:\/\/sinpes.org.br\/site\/wp-content\/uploads\/2017\/04\/IMG-20170428-WA0121.jpg 1280w\" sizes=\"auto, (max-width: 300px) 100vw, 300px\" \/><\/p>\n<p style=\"text-align: justify;\">O grande n\u00famero de presentes nessa manifesta\u00e7\u00e3o em Curitiba e nas principais cidades do Brasil deixou claro que os trabalhadores perceberam\u00a0que a ascens\u00e3o do Governo Temer ao poder constitui-se numa s\u00f3rdida manobra voltada para solapar direitos trabalhistas e previdenci\u00e1rios da popula\u00e7\u00e3o, bem como exacerbar ainda mais a concentra\u00e7\u00e3o de renda que torna esse pa\u00eds um dos mais desiguais do planeta.<\/p>\n<p style=\"text-align: justify;\"><img loading=\"lazy\" decoding=\"async\" class=\"size-medium wp-image-1124 alignright\" src=\"http:\/\/sinpes.org.br\/site\/wp-content\/uploads\/2017\/04\/IMG-20170428-WA0113-225x300.jpg\" alt=\"\" width=\"225\" height=\"300\" srcset=\"https:\/\/sinpes.org.br\/site\/wp-content\/uploads\/2017\/04\/IMG-20170428-WA0113-225x300.jpg 225w, https:\/\/sinpes.org.br\/site\/wp-content\/uploads\/2017\/04\/IMG-20170428-WA0113-768x1024.jpg 768w, https:\/\/sinpes.org.br\/site\/wp-content\/uploads\/2017\/04\/IMG-20170428-WA0113.jpg 960w\" sizes=\"auto, (max-width: 225px) 100vw, 225px\" \/><\/p>\n<p style=\"text-align: justify;\">Ao pretender enfiar em tempo recorde na goela dos trabalhadores uma reforma trabalhista, que s\u00f3 interessa aos patr\u00f5es, tal qual encomendada pelos setores mais retr\u00f3grados do empresariado nacional, sem qualquer negocia\u00e7\u00e3o pr\u00e9via, o governo federal e seus asseclas do PMDB, PSDB e PPS agu\u00e7aram a capacidade de resist\u00eancia dos trabalhadores brasileiros e pagam a conta do impeachment com o chap\u00e9u dos trabalhadores.<\/p>\n<p style=\"text-align: justify;\">O Sinpes e todas as pessoas decentes desse pa\u00eds esperam que a \u00e1rdua luta que est\u00e1 s\u00f3 come\u00e7ando seja coroada com a consecu\u00e7\u00e3o de uma sociedade mais justa, tolerante e solid\u00e1ria.<\/p>\n<p>&nbsp;<\/p>\n<!-- AddThis Advanced Settings generic via filter on the_content --><!-- AddThis Share Buttons generic via filter on the_content -->","protected":false},"excerpt":{"rendered":"<p>O Sinpes, juntamente com os sindicatos mais combativos de Curitiba e da Regi\u00e3o Metropolitana, esteve presente nas manifesta\u00e7\u00f5es de 28\/04\/2017, apoiando a greve geral nacional deflagrada com o objetivo de por termo \u00e0s inescrupulosas reformas trabalhista e previdenci\u00e1ria. O grande n\u00famero de presentes nessa manifesta\u00e7\u00e3o em Curitiba e nas principais cidades do Brasil deixou claro [&hellip;]<!-- AddThis Advanced Settings generic via filter on wp_trim_excerpt --><!-- AddThis Share Buttons generic via filter on wp_trim_excerpt --><\/p>\n","protected":false},"author":2,"featured_media":0,"comment_status":"closed","ping_status":"open","sticky":false,"template":"","format":"standard","meta":{"footnotes":""},"categories":[5],"tags":[193,192],"class_list":["post-1125","post","type-post","status-publish","format-standard","hentry","category-sinpes","tag-28-de-abril-de-2017","tag-direitos-dos-trabalhadores"],"_links":{"self":[{"href":"https:\/\/sinpes.org.br\/site\/wp-json\/wp\/v2\/posts\/1125","targetHints":{"allow":["GET"]}}],"collection":[{"href":"https:\/\/sinpes.org.br\/site\/wp-json\/wp\/v2\/posts"}],"about":[{"href":"https:\/\/sinpes.org.br\/site\/wp-json\/wp\/v2\/types\/post"}],"author":[{"embeddable":true,"href":"https:\/\/sinpes.org.br\/site\/wp-json\/wp\/v2\/users\/2"}],"replies":[{"embeddable":true,"href":"https:\/\/sinpes.org.br\/site\/wp-json\/wp\/v2\/comments?post=1125"}],"version-history":[{"count":9,"href":"https:\/\/sinpes.org.br\/site\/wp-json\/wp\/v2\/posts\/1125\/revisions"}],"predecessor-version":[{"id":1134,"href":"https:\/\/sinpes.org.br\/site\/wp-json\/wp\/v2\/posts\/1125\/revisions\/1134"}],"wp:attachment":[{"href":"https:\/\/sinpes.org.br\/site\/wp-json\/wp\/v2\/media?parent=1125"}],"wp:term":[{"taxonomy":"category","embeddable":true,"href":"https:\/\/sinpes.org.br\/site\/wp-json\/wp\/v2\/categories?post=1125"},{"taxonomy":"post_tag","embeddable":true,"href":"https:\/\/sinpes.org.br\/site\/wp-json\/wp\/v2\/tags?post=1125"}],"curies":[{"name":"wp","href":"https:\/\/api.w.org\/{rel}","templated":true}]}}