{"id":1118,"date":"2017-04-27T17:38:38","date_gmt":"2017-04-27T20:38:38","guid":{"rendered":"http:\/\/sinpes.org.br\/site\/?p=1118"},"modified":"2017-04-27T17:42:26","modified_gmt":"2017-04-27T20:42:26","slug":"cronograma-da-luta-contra-as-reformas-trabalhista-e-previdenciaria","status":"publish","type":"post","link":"https:\/\/sinpes.org.br\/site\/cronograma-da-luta-contra-as-reformas-trabalhista-e-previdenciaria\/","title":{"rendered":"Cronograma da Luta Contra as Reformas Trabalhista e Previdenci\u00e1ria"},"content":{"rendered":"<p>PROGRAMA\u00c7\u00c3O \u2013 MOBILIZA\u00c7\u00c3O DO DIA 28 DE ABRIL<\/p>\n<p>&#8211; 9h00 In\u00edcio concentra\u00e7\u00e3o Centro C\u00edvico | Pra\u00e7a Nossa Senhora de Salete<br \/>\n&#8211; 11h00 In\u00edcio da caminhada rumo \u00e0 Federa\u00e7\u00e3o das Ind\u00fastrias do Estado do Paran\u00e1 \u201311h30<br \/>\n&#8211; 11h30 Ato em frente \u00e0 FIEP<br \/>\n&#8211; 12h30 Caminhada at\u00e9 a Pra\u00e7a Tiradentes<br \/>\n&#8211; 13h00 Ato na Pra\u00e7a Tiradentes<br \/>\n&#8211; 14h00 Encerramento na Boca Maldita<\/p>\n<!-- AddThis Advanced Settings generic via filter on the_content --><!-- AddThis Share Buttons generic via filter on the_content -->","protected":false},"excerpt":{"rendered":"<p>PROGRAMA\u00c7\u00c3O \u2013 MOBILIZA\u00c7\u00c3O DO DIA 28 DE ABRIL &#8211; 9h00 In\u00edcio concentra\u00e7\u00e3o Centro C\u00edvico | Pra\u00e7a Nossa Senhora de Salete &#8211; 11h00 In\u00edcio da caminhada rumo \u00e0 Federa\u00e7\u00e3o das Ind\u00fastrias do Estado do Paran\u00e1 \u201311h30 &#8211; 11h30 Ato em frente \u00e0 FIEP &#8211; 12h30 Caminhada at\u00e9 a Pra\u00e7a Tiradentes &#8211; 13h00 Ato na Pra\u00e7a Tiradentes [&hellip;]<!-- AddThis Advanced Settings generic via filter on wp_trim_excerpt --><!-- AddThis Share Buttons generic via filter on wp_trim_excerpt --><\/p>\n","protected":false},"author":2,"featured_media":0,"comment_status":"closed","ping_status":"open","sticky":false,"template":"","format":"standard","meta":{"footnotes":""},"categories":[5],"tags":[191,190],"class_list":["post-1118","post","type-post","status-publish","format-standard","hentry","category-sinpes","tag-cronograma","tag-reformas-trabalhista-e-previdenciaria"],"_links":{"self":[{"href":"https:\/\/sinpes.org.br\/site\/wp-json\/wp\/v2\/posts\/1118","targetHints":{"allow":["GET"]}}],"collection":[{"href":"https:\/\/sinpes.org.br\/site\/wp-json\/wp\/v2\/posts"}],"about":[{"href":"https:\/\/sinpes.org.br\/site\/wp-json\/wp\/v2\/types\/post"}],"author":[{"embeddable":true,"href":"https:\/\/sinpes.org.br\/site\/wp-json\/wp\/v2\/users\/2"}],"replies":[{"embeddable":true,"href":"https:\/\/sinpes.org.br\/site\/wp-json\/wp\/v2\/comments?post=1118"}],"version-history":[{"count":2,"href":"https:\/\/sinpes.org.br\/site\/wp-json\/wp\/v2\/posts\/1118\/revisions"}],"predecessor-version":[{"id":1121,"href":"https:\/\/sinpes.org.br\/site\/wp-json\/wp\/v2\/posts\/1118\/revisions\/1121"}],"wp:attachment":[{"href":"https:\/\/sinpes.org.br\/site\/wp-json\/wp\/v2\/media?parent=1118"}],"wp:term":[{"taxonomy":"category","embeddable":true,"href":"https:\/\/sinpes.org.br\/site\/wp-json\/wp\/v2\/categories?post=1118"},{"taxonomy":"post_tag","embeddable":true,"href":"https:\/\/sinpes.org.br\/site\/wp-json\/wp\/v2\/tags?post=1118"}],"curies":[{"name":"wp","href":"https:\/\/api.w.org\/{rel}","templated":true}]}}