{"id":1094,"date":"2017-03-17T19:50:58","date_gmt":"2017-03-17T22:50:58","guid":{"rendered":"http:\/\/sinpes.org.br\/site\/?p=1094"},"modified":"2017-03-17T19:50:58","modified_gmt":"2017-03-17T22:50:58","slug":"facel-e-cbs-comprometem-se-a-regularizar-salarios-atrasados","status":"publish","type":"post","link":"https:\/\/sinpes.org.br\/site\/facel-e-cbs-comprometem-se-a-regularizar-salarios-atrasados\/","title":{"rendered":"FACEL e CBS Comprometem-se a Regularizar Sal\u00e1rios Atrasados"},"content":{"rendered":"<p style=\"text-align: justify;\">Os professores da Faculdade de Administra\u00e7\u00e3o, Ci\u00eancias, Educa\u00e7\u00e3o e Letras \u2013 FACEL \u2013 \u00a0e do Centro Bussiness School &#8211; CBS est\u00e3o desde h\u00e1 muito tempo sem receber integralmente seus sal\u00e1rios 13\u00ba sal\u00e1rios, F\u00e9rias e Ter\u00e7o de F\u00e9rias. O Sindicato acompanha de perto essa situa\u00e7\u00e3o com grande preocupa\u00e7\u00e3o, tendo recebido diversas den\u00fancias das irregularidades e participado de audi\u00eancia ocorrida junto \u00e0 Procuradoria do Trabalho ocorrida em face dessas irregularidades trabalhistas.<\/p>\n<p style=\"text-align: justify;\">A FACEL tem assumido reiterados compromissos diretamente com os docentes, sem a participa\u00e7\u00e3o do SINPES, como manda a lei, no sentido de efetuar os pagamentos, instando-os a parcelar os sal\u00e1rios em atraso em documentos firmados pelos docentes deixando reiteradamente de cumpri-los.<\/p>\n<p style=\"text-align: justify;\">Com rela\u00e7\u00e3o \u00e0 CBS as promessas descumpridas s\u00e3o ainda mais displicentes.<\/p>\n<p style=\"text-align: justify;\">Os grupos Italma Holding LTDA e Digamma Educacional adquiriram essas institui\u00e7\u00f5es de ensino apresentando-se como grupo financeiro forte que teria condi\u00e7\u00f5es de sanar seus cr\u00f4nicos problemas financeiros. Tal expectativa frustrou-se na medida em que os problemas n\u00e3o foram solucionados.<\/p>\n<p style=\"text-align: justify;\">Os alunos tamb\u00e9m est\u00e3o sendo profundamente prejudicados pela situa\u00e7\u00e3o.<\/p>\n<p style=\"text-align: justify;\">\n<p style=\"text-align: justify;\">O SINPES defende que a rela\u00e7\u00e3o entre professores e institui\u00e7\u00f5es de ensino deve estar sempre pautada pelo princ\u00edpio da boa-f\u00e9 e pelo respeito \u00e0 educa\u00e7\u00e3o.<\/p>\n<p style=\"text-align: justify;\">\n<p style=\"text-align: justify;\"><strong>Preocupado com o quadro, <\/strong>convocou as Institui\u00e7\u00f5es referidas para uma mesa redonda perante a Superintend\u00eancia Regional do Trabalho realizada no dia 14\/03\/2017, com o objetivo de equacionar o problema cr\u00f4nico de atraso salarial e oportunizar que as empregadoras negociem uma sa\u00edda para por fim \u00e1 situa\u00e7\u00e3o ca\u00f3tica.<\/p>\n<p style=\"text-align: justify;\">\n<p style=\"text-align: justify;\">Nessa ocasi\u00e3o, representantes de ambas as Institui\u00e7\u00f5es informaram que o sal\u00e1rio de fevereiro de 2017 teria sido pago e se comprometeram a quitar pontualmente os sal\u00e1rios posteriores a este m\u00eas. No que se refere aos sal\u00e1rios atrasados anteriores pediram um prazo de 30 dias para negociar um plano de quita\u00e7\u00e3o das pend\u00eancias.<\/p>\n<p style=\"text-align: justify;\">\n<p style=\"text-align: justify;\">No processo deflagrado pelo Minist\u00e9rio P\u00fablico contra a FACEL e a EBS em face de den\u00fancias an\u00f4nimas ali formuladas os documentos comprobat\u00f3rios dos fatos ora relatados j\u00e1 se encontram juntados.<\/p>\n<p style=\"text-align: justify;\">\n<p style=\"text-align: justify;\">Conclu\u00eddas as negocia\u00e7\u00f5es com o Sinpes, este convocar\u00e1 os professores prejudicados para uma assembleia em que as condi\u00e7\u00f5es de pagamento dos sal\u00e1rios atrasados poder\u00e3o ser aceitas ou rejeitadas pelos interessados, mediante vota\u00e7\u00e3o secreta. Nessa oportunidade poder\u00e3o ser adotadas outras provid\u00eancias voltadas para pressionar os empregadores a regularizar a mora salarial que aflige estes docentes h\u00e1 muito tempo.<\/p>\n<p style=\"text-align: justify;\"><a class=\"fasc-button fasc-size-medium fasc-type-glossy fasc-rounded-medium fasc-ico-before dashicons-admin-links\" style=\"background-color: #33809e; color: #ffffff;\" href=\"http:\/\/sinpes.org.br\/site\/wp-content\/uploads\/2017\/03\/14.03.2017.Mesa-Redonda-Facel-e-EBS2.pdf\" target=\"_blank\" data-fasc-style=\"background-color:#33809e;color:#ffffff;\">ATA DE MESA REDONDA FACEL E EBS<\/a><\/p>\n<!-- AddThis Advanced Settings generic via filter on the_content --><!-- AddThis Share Buttons generic via filter on the_content -->","protected":false},"excerpt":{"rendered":"<p>Os professores da Faculdade de Administra\u00e7\u00e3o, Ci\u00eancias, Educa\u00e7\u00e3o e Letras \u2013 FACEL \u2013 \u00a0e do Centro Bussiness School &#8211; CBS est\u00e3o desde h\u00e1 muito tempo sem receber integralmente seus sal\u00e1rios 13\u00ba sal\u00e1rios, F\u00e9rias e Ter\u00e7o de F\u00e9rias. O Sindicato acompanha de perto essa situa\u00e7\u00e3o com grande preocupa\u00e7\u00e3o, tendo recebido diversas den\u00fancias das irregularidades e participado [&hellip;]<!-- AddThis Advanced Settings generic via filter on wp_trim_excerpt --><!-- AddThis Share Buttons generic via filter on wp_trim_excerpt --><\/p>\n","protected":false},"author":2,"featured_media":0,"comment_status":"closed","ping_status":"open","sticky":false,"template":"","format":"standard","meta":{"footnotes":""},"categories":[56],"tags":[181,57],"class_list":["post-1094","post","type-post","status-publish","format-standard","hentry","category-facel","tag-cbs","tag-facel"],"_links":{"self":[{"href":"https:\/\/sinpes.org.br\/site\/wp-json\/wp\/v2\/posts\/1094","targetHints":{"allow":["GET"]}}],"collection":[{"href":"https:\/\/sinpes.org.br\/site\/wp-json\/wp\/v2\/posts"}],"about":[{"href":"https:\/\/sinpes.org.br\/site\/wp-json\/wp\/v2\/types\/post"}],"author":[{"embeddable":true,"href":"https:\/\/sinpes.org.br\/site\/wp-json\/wp\/v2\/users\/2"}],"replies":[{"embeddable":true,"href":"https:\/\/sinpes.org.br\/site\/wp-json\/wp\/v2\/comments?post=1094"}],"version-history":[{"count":1,"href":"https:\/\/sinpes.org.br\/site\/wp-json\/wp\/v2\/posts\/1094\/revisions"}],"predecessor-version":[{"id":1097,"href":"https:\/\/sinpes.org.br\/site\/wp-json\/wp\/v2\/posts\/1094\/revisions\/1097"}],"wp:attachment":[{"href":"https:\/\/sinpes.org.br\/site\/wp-json\/wp\/v2\/media?parent=1094"}],"wp:term":[{"taxonomy":"category","embeddable":true,"href":"https:\/\/sinpes.org.br\/site\/wp-json\/wp\/v2\/categories?post=1094"},{"taxonomy":"post_tag","embeddable":true,"href":"https:\/\/sinpes.org.br\/site\/wp-json\/wp\/v2\/tags?post=1094"}],"curies":[{"name":"wp","href":"https:\/\/api.w.org\/{rel}","templated":true}]}}