{"id":1087,"date":"2017-03-14T19:49:30","date_gmt":"2017-03-14T22:49:30","guid":{"rendered":"http:\/\/sinpes.org.br\/site\/?p=1087"},"modified":"2017-03-14T19:49:30","modified_gmt":"2017-03-14T22:49:30","slug":"movimento-contra-as-reformas-trabalhista-e-previdenciaria","status":"publish","type":"post","link":"https:\/\/sinpes.org.br\/site\/movimento-contra-as-reformas-trabalhista-e-previdenciaria\/","title":{"rendered":"Movimento Contra as Reformas Trabalhista e Previdenci\u00e1ria"},"content":{"rendered":"<p style=\"text-align: justify;\">O SINPES \u2013 SINDICATO DOS PROFESSORES DO ENSINO SUPERIOR aderiu ao movimento nacional contr\u00e1rio \u00e0 concentra\u00e7\u00e3o de renda representada pelas reformas trabalhistas e fiscais desencadeando protesto realizado junto \u00e0 Pontif\u00edcia Universidade Cat\u00f3lica do Paran\u00e1, no Prado Velho, no dia 15.03.2017 entre 7h00min e 7h50min e entre 18h00 e 19h00min.<\/p>\n<p style=\"text-align: justify;\">Na oportunidade lan\u00e7ou campanha de aglutina\u00e7\u00e3o de for\u00e7as junto \u00e0 categoria para fazer frente \u00e0 conjuntura internacional e nacional de avan\u00e7o do conservadorismo e do desmonte em curso de direitos civis, trabalhistas e previdenci\u00e1rios, conclamando os docentes do ensino superior para que atuem com maior proximidade e participa\u00e7\u00e3o junto aos \u00f3rg\u00e3os de representatividade.<\/p>\n<!-- AddThis Advanced Settings generic via filter on the_content --><!-- AddThis Share Buttons generic via filter on the_content -->","protected":false},"excerpt":{"rendered":"<p>O SINPES \u2013 SINDICATO DOS PROFESSORES DO ENSINO SUPERIOR aderiu ao movimento nacional contr\u00e1rio \u00e0 concentra\u00e7\u00e3o de renda representada pelas reformas trabalhistas e fiscais desencadeando protesto realizado junto \u00e0 Pontif\u00edcia Universidade Cat\u00f3lica do Paran\u00e1, no Prado Velho, no dia 15.03.2017 entre 7h00min e 7h50min e entre 18h00 e 19h00min. Na oportunidade lan\u00e7ou campanha de aglutina\u00e7\u00e3o [&hellip;]<!-- AddThis Advanced Settings generic via filter on wp_trim_excerpt --><!-- AddThis Share Buttons generic via filter on wp_trim_excerpt --><\/p>\n","protected":false},"author":2,"featured_media":0,"comment_status":"closed","ping_status":"open","sticky":false,"template":"","format":"standard","meta":{"footnotes":""},"categories":[5],"tags":[185,183,184],"class_list":["post-1087","post","type-post","status-publish","format-standard","hentry","category-sinpes","tag-previdenciaria","tag-reformas","tag-trabalhista"],"_links":{"self":[{"href":"https:\/\/sinpes.org.br\/site\/wp-json\/wp\/v2\/posts\/1087","targetHints":{"allow":["GET"]}}],"collection":[{"href":"https:\/\/sinpes.org.br\/site\/wp-json\/wp\/v2\/posts"}],"about":[{"href":"https:\/\/sinpes.org.br\/site\/wp-json\/wp\/v2\/types\/post"}],"author":[{"embeddable":true,"href":"https:\/\/sinpes.org.br\/site\/wp-json\/wp\/v2\/users\/2"}],"replies":[{"embeddable":true,"href":"https:\/\/sinpes.org.br\/site\/wp-json\/wp\/v2\/comments?post=1087"}],"version-history":[{"count":1,"href":"https:\/\/sinpes.org.br\/site\/wp-json\/wp\/v2\/posts\/1087\/revisions"}],"predecessor-version":[{"id":1088,"href":"https:\/\/sinpes.org.br\/site\/wp-json\/wp\/v2\/posts\/1087\/revisions\/1088"}],"wp:attachment":[{"href":"https:\/\/sinpes.org.br\/site\/wp-json\/wp\/v2\/media?parent=1087"}],"wp:term":[{"taxonomy":"category","embeddable":true,"href":"https:\/\/sinpes.org.br\/site\/wp-json\/wp\/v2\/categories?post=1087"},{"taxonomy":"post_tag","embeddable":true,"href":"https:\/\/sinpes.org.br\/site\/wp-json\/wp\/v2\/tags?post=1087"}],"curies":[{"name":"wp","href":"https:\/\/api.w.org\/{rel}","templated":true}]}}