{"id":1084,"date":"2017-03-14T19:46:37","date_gmt":"2017-03-14T22:46:37","guid":{"rendered":"http:\/\/sinpes.org.br\/site\/?p=1084"},"modified":"2017-03-14T19:47:05","modified_gmt":"2017-03-14T22:47:05","slug":"inicio-das-atividades","status":"publish","type":"post","link":"https:\/\/sinpes.org.br\/site\/inicio-das-atividades\/","title":{"rendered":"In\u00edcio das Atividades"},"content":{"rendered":"<p style=\"text-align: justify;\"><strong>Caros Colegas Professores:<\/strong><\/p>\n<p style=\"text-align: justify;\">Iniciou-se mais um ano de atividades. Em face da configura\u00e7\u00e3o da conjuntura internacional e nacional de avan\u00e7o do conservadorismo e do desmonte em curso de direitos civis<!--more-->, trabalhistas e previdenci\u00e1rios, 2017 exige de todos n\u00f3s uma maior proximidade e participa\u00e7\u00e3o junto aos \u00f3rg\u00e3os de representatividade.<\/p>\n<p style=\"text-align: justify;\">Aproveitamos o dia de mobiliza\u00e7\u00e3o contra as reformas trabalhista e previdenci\u00e1ria para dar um sonoro n\u00e3o \u00e0 tentativa de solapar direitos conquistados desde h\u00e1 muito pelos trabalhadores e desencadear movimento no sentido de maior aglutina\u00e7\u00e3o da nossa categoria.<\/p>\n<p style=\"text-align: justify;\">Para enfrentar essa dura realidade as entidades sindicais, como o Sinpes, devem redobrar sua sintonia com seus representados, monitorando diuturnamente as mudan\u00e7as pretendidas pelos empregadores nas rela\u00e7\u00f5es de trabalho na perspectiva de manter direitos j\u00e1 conquistados e avan\u00e7ar na medida do poss\u00edvel.<\/p>\n<p style=\"text-align: justify;\">\u00c9 importante que os professores saibam que o sindicato continua presente e atento \u00e0s necessidades dos professores nas suas rela\u00e7\u00f5es de trabalho.<\/p>\n<p style=\"text-align: justify;\">\u00c9 frequente ouvirmos dos colegas de trabalho o coment\u00e1rio melanc\u00f3lico de que as institui\u00e7\u00f5es de ensino em geral teriam \u201cmudado\u201d. Se elas mudaram a rela\u00e7\u00e3o estabelecida com os professores, assumindo uma postura conservadora e autorit\u00e1ria nas rela\u00e7\u00f5es de trabalho com rar\u00edssimas exce\u00e7\u00f5es, por suposto que n\u00f3s tamb\u00e9m precisamos mudar, implementando ainda mais nossa capacidade de resist\u00eancia e combatividade, agu\u00e7ando o nosso senso cr\u00edtico e buscando alternativas de enfrentamento para esta nova realidade.<\/p>\n<p style=\"text-align: justify;\">Nessa nova rela\u00e7\u00e3o estabelecida o sindicato representa os professores, mas tamb\u00e9m precisa ser por eles acionado, questionado e apoiado. \u00c9 necess\u00e1rio que os docentes participem mais e denunciem mais. Encontram-se disponibilizados diversos canais de comunica\u00e7\u00e3o tais como o Face book, o e-mail <a href=\"mailto:sinpes@sinpes.org.br\">sinpes@sinpes.org.br<\/a>, o telefone 3225-1041 e a p\u00e1gina do SINPES (www.sinpes.org.br) para que todos possam ser ouvidos, colaborando para a constru\u00e7\u00e3o de um SINPES FORTE e de rela\u00e7\u00f5es de trabalho condignas, preservado sempre o sigilo da fonte.<\/p>\n<p style=\"text-align: justify;\">Nesse mesmo sentido alguns membros diretores do SINPES passar\u00e3o a fazer plant\u00e3o na sede do Sindicato, situado na Rua Marechal Deodoro 869, conjunto 606. Voc\u00ea poder\u00e1 contat\u00e1-los atrav\u00e9s do telefone 3225-1041 ou pessoalmente nos seguintes dias e hor\u00e1rios: Professora Ilda Lopes Witiuk, quarta-feira das 8:00 as 12:00hs; Professor Luiz Alberto de Souza Alves e Professora Maria Helena \u00e0s sextas feiras das 14:00 as 18:00 horas.<\/p>\n<p style=\"text-align: justify;\">A ideia \u00e9 que todo o professor de ensino superior tenha nesses canais abertos de comunica\u00e7\u00e3o a oportunidade para denunciar todas as situa\u00e7\u00f5es de les\u00e3o aos direitos trabalhistas, bem como avaliar o trabalho do Sinpes e sugerir todas as medidas que entender necess\u00e1rias para que o Sindicato atue \u00e0 altura desta conjuntura adversa.\u00a0 O Sindicato s\u00f3 \u00e9 forte quando a luta \u00e9 conjunta. Venha participar!<\/p>\n<p style=\"text-align: justify;\"><strong>Diretoria do SINPES.<\/strong><\/p>\n<!-- AddThis Advanced Settings generic via filter on the_content --><!-- AddThis Share Buttons generic via filter on the_content -->","protected":false},"excerpt":{"rendered":"<p>Caros Colegas Professores: Iniciou-se mais um ano de atividades. Em face da configura\u00e7\u00e3o da conjuntura internacional e nacional de avan\u00e7o do conservadorismo e do desmonte em curso de direitos civis<!-- AddThis Advanced Settings generic via filter on wp_trim_excerpt --><!-- AddThis Share Buttons generic via filter on wp_trim_excerpt --><\/p>\n","protected":false},"author":2,"featured_media":594,"comment_status":"closed","ping_status":"open","sticky":false,"template":"","format":"standard","meta":{"footnotes":""},"categories":[13,5],"tags":[182,62],"class_list":["post-1084","post","type-post","status-publish","format-standard","has-post-thumbnail","hentry","category-home","category-sinpes","tag-inicio-das-atividades","tag-sinpes"],"_links":{"self":[{"href":"https:\/\/sinpes.org.br\/site\/wp-json\/wp\/v2\/posts\/1084","targetHints":{"allow":["GET"]}}],"collection":[{"href":"https:\/\/sinpes.org.br\/site\/wp-json\/wp\/v2\/posts"}],"about":[{"href":"https:\/\/sinpes.org.br\/site\/wp-json\/wp\/v2\/types\/post"}],"author":[{"embeddable":true,"href":"https:\/\/sinpes.org.br\/site\/wp-json\/wp\/v2\/users\/2"}],"replies":[{"embeddable":true,"href":"https:\/\/sinpes.org.br\/site\/wp-json\/wp\/v2\/comments?post=1084"}],"version-history":[{"count":2,"href":"https:\/\/sinpes.org.br\/site\/wp-json\/wp\/v2\/posts\/1084\/revisions"}],"predecessor-version":[{"id":1086,"href":"https:\/\/sinpes.org.br\/site\/wp-json\/wp\/v2\/posts\/1084\/revisions\/1086"}],"wp:featuredmedia":[{"embeddable":true,"href":"https:\/\/sinpes.org.br\/site\/wp-json\/wp\/v2\/media\/594"}],"wp:attachment":[{"href":"https:\/\/sinpes.org.br\/site\/wp-json\/wp\/v2\/media?parent=1084"}],"wp:term":[{"taxonomy":"category","embeddable":true,"href":"https:\/\/sinpes.org.br\/site\/wp-json\/wp\/v2\/categories?post=1084"},{"taxonomy":"post_tag","embeddable":true,"href":"https:\/\/sinpes.org.br\/site\/wp-json\/wp\/v2\/tags?post=1084"}],"curies":[{"name":"wp","href":"https:\/\/api.w.org\/{rel}","templated":true}]}}