{"id":1081,"date":"2017-03-14T19:36:01","date_gmt":"2017-03-14T22:36:01","guid":{"rendered":"http:\/\/sinpes.org.br\/site\/?p=1081"},"modified":"2017-03-14T19:36:01","modified_gmt":"2017-03-14T22:36:01","slug":"professores-da-facel-e-cbs-estao-sem-receber-salarios","status":"publish","type":"post","link":"https:\/\/sinpes.org.br\/site\/professores-da-facel-e-cbs-estao-sem-receber-salarios\/","title":{"rendered":"Professores da Facel e CBS Est\u00e3o sem Receber  Sal\u00e1rios"},"content":{"rendered":"<p style=\"text-align: justify;\">Os professores da Faculdade de Administra\u00e7\u00e3o, Ci\u00eancias, Educa\u00e7\u00e3o e Letras \u2013 FACEL \u2013 \u00a0e do Centro Bussiness School &#8211; CBS est\u00e3o desde h\u00e1 muito tempo sem receber integralmente seus sal\u00e1rios 13\u00ba sal\u00e1rios, F\u00e9rias e Ter\u00e7o de F\u00e9rias. O Sindicato acompanha de perto essa situa\u00e7\u00e3o com grande preocupa\u00e7\u00e3o, tendo recebido diversas den\u00fancias das irregularidades e participado de audi\u00eancia ocorrida junto \u00e0 Procuradoria do Trabalho ocorrida em face dessas irregularidades trabalhistas.<\/p>\n<p style=\"text-align: justify;\">A FACEL tem assumido reiterados compromissos com os docentes no sentido de efetuar os pagamentos, instando-os a parcelar os sal\u00e1rios em atraso em documentos firmados pelos docentes sem a participa\u00e7\u00e3o da entidade sindical, deixando reiteradamente de cumpri-los.<\/p>\n<p style=\"text-align: justify;\">Com rela\u00e7\u00e3o \u00e0 CBS as promessas descumpridas s\u00e3o ainda mais displicentes.<\/p>\n<p style=\"text-align: justify;\">Os grupos Italma Holding LTDA E Digamma Educacional adquiriram essas institui\u00e7\u00f5es de ensino apresentando-se como grupo financeiro forte que teria condi\u00e7\u00f5es de sanar seus cr\u00f4nicos problemas financeiros. Tal n\u00e3o passou de mais um engodo sofrido por estes calejados docentes.<\/p>\n<p style=\"text-align: justify;\"><strong>Como se n\u00e3o bastasse os docentes de ambas as Institui\u00e7\u00f5es de Ensino e da SPEI, outra entidade adquirida pelos grupos referidos, v\u00eam sofrendo amea\u00e7as de demiss\u00e3o se buscarem a interven\u00e7\u00e3o do Sindicato para a solu\u00e7\u00e3o das pend\u00eancias.<\/strong><\/p>\n<p style=\"text-align: justify;\"><strong>\u00a0<\/strong>Os alunos tamb\u00e9m est\u00e3o sendo profundamente prejudicados pela situa\u00e7\u00e3o. A prevalecer o andar dessa carruagem a situa\u00e7\u00e3o tende a persistir no decorrer do semestre.<\/p>\n<p style=\"text-align: justify;\">O SINPES defende que a rela\u00e7\u00e3o entre professores e institui\u00e7\u00f5es de ensino deve estar sempre pautada pelo princ\u00edpio da boa-f\u00e9 e pelo respeito \u00e0 educa\u00e7\u00e3o, o que n\u00e3o acontece em nenhuma das Institui\u00e7\u00f5es administradas pelo grupo Italma Holding e Digamma Educacional.<\/p>\n<p style=\"text-align: justify;\"><strong>Preocupado com o quadro, <\/strong>convocou as Institui\u00e7\u00f5es referidas perante a Superintend\u00eancia Regional do Trabalho para Reuni\u00f5es de Mesa Redonda com o objetivo de equacionar o problema cr\u00f4nico de atraso salarial e oportunizar que as empregadoras negociem uma sa\u00edda para por fim \u00e1 situa\u00e7\u00e3o ca\u00f3tica. Tal reuni\u00e3o foi marcada apenas para o dia 14\/03\/2017 (ter\u00e7a-feira), devido \u00e0 intensa agenda do Minist\u00e9rio do Trabalho, nestes tempos de crise.<\/p>\n<p style=\"text-align: justify;\">Para endossar eventual proposta de solu\u00e7\u00e3o dos problemas sugerida pelas empregadoras ou adotar provid\u00eancias mais r\u00edgidas, o Sinpes (Sindicato dos Professores de Ensino Superior de Curitiba) convocar\u00e1 os professores da FACEL e da CBS para Assembleia Geral a ser realizada no dia 25 de mar\u00e7o de 2017, \u00e0s 11h00min, no Hotel Roochele localizado na Rua Tibagi, n\u00ba 307. Na ocasi\u00e3o poder\u00e1 ser deflagrada at\u00e9 mesmo greve por tempo indeterminado.<\/p>\n<p style=\"text-align: justify;\">Com direito a voz, mas n\u00e3o a voto, s\u00e3o benvindos tamb\u00e9m os empregados n\u00e3o docentes e os alunos da institui\u00e7\u00e3o, sempre solid\u00e1rios com os seus professores.<\/p>\n<p>&nbsp;<\/p>\n<!-- AddThis Advanced Settings generic via filter on the_content --><!-- AddThis Share Buttons generic via filter on the_content -->","protected":false},"excerpt":{"rendered":"<p>Os professores da Faculdade de Administra\u00e7\u00e3o, Ci\u00eancias, Educa\u00e7\u00e3o e Letras \u2013 FACEL \u2013 \u00a0e do Centro Bussiness School &#8211; CBS est\u00e3o desde h\u00e1 muito tempo sem receber integralmente seus sal\u00e1rios 13\u00ba sal\u00e1rios, F\u00e9rias e Ter\u00e7o de F\u00e9rias. O Sindicato acompanha de perto essa situa\u00e7\u00e3o com grande preocupa\u00e7\u00e3o, tendo recebido diversas den\u00fancias das irregularidades e participado [&hellip;]<!-- AddThis Advanced Settings generic via filter on wp_trim_excerpt --><!-- AddThis Share Buttons generic via filter on wp_trim_excerpt --><\/p>\n","protected":false},"author":2,"featured_media":0,"comment_status":"closed","ping_status":"open","sticky":false,"template":"","format":"standard","meta":{"footnotes":""},"categories":[56],"tags":[181,57],"class_list":["post-1081","post","type-post","status-publish","format-standard","hentry","category-facel","tag-cbs","tag-facel"],"_links":{"self":[{"href":"https:\/\/sinpes.org.br\/site\/wp-json\/wp\/v2\/posts\/1081","targetHints":{"allow":["GET"]}}],"collection":[{"href":"https:\/\/sinpes.org.br\/site\/wp-json\/wp\/v2\/posts"}],"about":[{"href":"https:\/\/sinpes.org.br\/site\/wp-json\/wp\/v2\/types\/post"}],"author":[{"embeddable":true,"href":"https:\/\/sinpes.org.br\/site\/wp-json\/wp\/v2\/users\/2"}],"replies":[{"embeddable":true,"href":"https:\/\/sinpes.org.br\/site\/wp-json\/wp\/v2\/comments?post=1081"}],"version-history":[{"count":1,"href":"https:\/\/sinpes.org.br\/site\/wp-json\/wp\/v2\/posts\/1081\/revisions"}],"predecessor-version":[{"id":1082,"href":"https:\/\/sinpes.org.br\/site\/wp-json\/wp\/v2\/posts\/1081\/revisions\/1082"}],"wp:attachment":[{"href":"https:\/\/sinpes.org.br\/site\/wp-json\/wp\/v2\/media?parent=1081"}],"wp:term":[{"taxonomy":"category","embeddable":true,"href":"https:\/\/sinpes.org.br\/site\/wp-json\/wp\/v2\/categories?post=1081"},{"taxonomy":"post_tag","embeddable":true,"href":"https:\/\/sinpes.org.br\/site\/wp-json\/wp\/v2\/tags?post=1081"}],"curies":[{"name":"wp","href":"https:\/\/api.w.org\/{rel}","templated":true}]}}