{"id":1075,"date":"2017-03-10T17:25:32","date_gmt":"2017-03-10T20:25:32","guid":{"rendered":"http:\/\/sinpes.org.br\/site\/?p=1075"},"modified":"2017-03-10T17:25:32","modified_gmt":"2017-03-10T20:25:32","slug":"salarios-atrasados-e-postura-patronal-preocupam-docentes","status":"publish","type":"post","link":"https:\/\/sinpes.org.br\/site\/salarios-atrasados-e-postura-patronal-preocupam-docentes\/","title":{"rendered":"Sal\u00e1rios Atrasados e Postura Patronal Preocupam Docentes"},"content":{"rendered":"<p style=\"text-align: justify;\">Em Assembleia Geral convocada pelo Sinpes \u2013 Sindicato dos Professores de Ensino Superior de Curitiba e Regi\u00e3o Metropolitana realizada no dia 18.02.2017, os professores da SPEI \u2013 Sociedade Paranaense de Ensino e Inform\u00e1tica deliberaram:<\/p>\n<p style=\"text-align: justify;\">\n<p style=\"text-align: justify;\">1) Delegar poderes para Diretoria do Sindicato negociar a forma de pagamento dos sal\u00e1rios atrasados j\u00e1 que qualquer negocia\u00e7\u00e3o direta com os interessados \u00e9 nula de pleno direito;<\/p>\n<p style=\"text-align: justify;\">2) Submeter a minuta do que for negociado \u00e0 assembleia geral da categoria a ser realizada no dia 11.03.2017, que aprovar\u00e1 ou rejeitar\u00e1 o ajuste por vota\u00e7\u00e3o secreta;<\/p>\n<p style=\"text-align: justify;\">3) Manter a categoria mobilizada mediante indicativo de greve, cuja deflagra\u00e7\u00e3o ser\u00e1 discutida na assembleia a ser realizada no dia 11.03.2017 na hip\u00f3tese do n\u00e3o pagamento do sal\u00e1rio de fevereiro at\u00e9 o dia 06.03.2017 e de n\u00e3o haver sido conclu\u00edda negocia\u00e7\u00e3o para pagamento dos sal\u00e1rios atrasados.<\/p>\n<p style=\"text-align: justify;\">\n<p style=\"text-align: justify;\">Na oportunidade os professores presentes manifestaram a esperan\u00e7a de solu\u00e7\u00e3o sensata e pac\u00edfica dos problemas trabalhistas que afligem os docentes. Isto porque o grupo econ\u00f4mico que adquiriu a institui\u00e7\u00e3o de ensino teria delegado poderes para a solu\u00e7\u00e3o do problema para docentes que desfrutam da confian\u00e7a de seus pares.<\/p>\n<p style=\"text-align: justify;\">\n<p style=\"text-align: justify;\">No dia 21.02.2017, o SINPES enviou Of\u00edcio para os Diretores da Institui\u00e7\u00e3o de Ensino Spei, com as delibera\u00e7\u00f5es discutidas em Assembleia e se colocou \u00e0 disposi\u00e7\u00e3o para eventual negocia\u00e7\u00e3o coletiva, esperan\u00e7oso de que a impress\u00e3o dos professores externada em assembleia viabilizasse uma negocia\u00e7\u00e3o transparente e objetiva entre as partes interessadas.<\/p>\n<p style=\"text-align: justify;\">\n<p style=\"text-align: justify;\">Para a surpresa do Sinpes, a representante da Institui\u00e7\u00e3o que se fazia presente no momento da entrega do Of\u00edcio recusou-se ao recebimento do mesmo, exigindo c\u00f3pia das procura\u00e7\u00f5es dos Professores dando poderes ao Sindicato, c\u00f3pia da Ata de Assembleia e o n\u00famero de docentes presentes na ocasi\u00e3o. A truculenta postura desmente a boa-f\u00e9 revelada pelos professores que compareceram \u00e0 assembleia, sinalizando uma lament\u00e1vel atitude persecut\u00f3ria.<\/p>\n<p style=\"text-align: justify;\">Em face do engodo constatado, no dia 22.02.2017 o Sindicato enviou \u00e0 SPEI comunica\u00e7\u00e3o das delibera\u00e7\u00f5es da Assembleia mediante telegrama com c\u00f3pia confirmat\u00f3ria de inteiro teor e aviso de recebimento recebido pela Institui\u00e7\u00e3o no dia 23\/02\/2017 \u00e0s 15h20min e aguarda iniciativa patronal para que seja dado in\u00edcio \u00e0s negocia\u00e7\u00f5es.<\/p>\n<p style=\"text-align: justify;\">Para deliberar sobre o impasse verificado o <strong>Sinpes <\/strong><strong>(Sindicato dos Professores de Ensino Superior de Curitiba) <\/strong><strong>convoca os professores da SPEI para Assembleia Geral a ser realizada no dia 11 de mar\u00e7o de 2017, \u00e0s 11h00min, no Hotel San Martin, situado \u00e0 Rua Jo\u00e3o Negr\u00e3o, n\u00ba 169, Sala San Martin: T\u00e9rreo. Caso a empregadora insista em n\u00e3o negociar nem pague os sal\u00e1rios e FGTS em atraso poder\u00e1 ser deflagrada greve por tempo indeterminado. Com direito a voz, mas n\u00e3o a voto, s\u00e3o benvindos tamb\u00e9m os empregados n\u00e3o docentes e os alunos da institui\u00e7\u00e3o, sempre solid\u00e1rios com os seus professores. \u00a0\u00a0\u00a0\u00a0\u00a0\u00a0\u00a0\u00a0\u00a0 <\/strong><\/p>\n<p style=\"text-align: justify;\"><strong>Diretoria do Sinpes.<\/strong><\/p>\n<!-- AddThis Advanced Settings generic via filter on the_content --><!-- AddThis Share Buttons generic via filter on the_content -->","protected":false},"excerpt":{"rendered":"<p>Em Assembleia Geral convocada pelo Sinpes \u2013 Sindicato dos Professores de Ensino Superior de Curitiba e Regi\u00e3o Metropolitana realizada no dia 18.02.2017, os professores da SPEI \u2013 Sociedade Paranaense de Ensino e Inform\u00e1tica deliberaram: 1) Delegar poderes para Diretoria do Sindicato negociar a forma de pagamento dos sal\u00e1rios atrasados j\u00e1 que qualquer negocia\u00e7\u00e3o direta com [&hellip;]<!-- AddThis Advanced Settings generic via filter on wp_trim_excerpt --><!-- AddThis Share Buttons generic via filter on wp_trim_excerpt --><\/p>\n","protected":false},"author":2,"featured_media":0,"comment_status":"closed","ping_status":"open","sticky":false,"template":"","format":"standard","meta":{"footnotes":""},"categories":[5],"tags":[87],"class_list":["post-1075","post","type-post","status-publish","format-standard","hentry","category-sinpes","tag-atraso-salarial"],"_links":{"self":[{"href":"https:\/\/sinpes.org.br\/site\/wp-json\/wp\/v2\/posts\/1075","targetHints":{"allow":["GET"]}}],"collection":[{"href":"https:\/\/sinpes.org.br\/site\/wp-json\/wp\/v2\/posts"}],"about":[{"href":"https:\/\/sinpes.org.br\/site\/wp-json\/wp\/v2\/types\/post"}],"author":[{"embeddable":true,"href":"https:\/\/sinpes.org.br\/site\/wp-json\/wp\/v2\/users\/2"}],"replies":[{"embeddable":true,"href":"https:\/\/sinpes.org.br\/site\/wp-json\/wp\/v2\/comments?post=1075"}],"version-history":[{"count":1,"href":"https:\/\/sinpes.org.br\/site\/wp-json\/wp\/v2\/posts\/1075\/revisions"}],"predecessor-version":[{"id":1076,"href":"https:\/\/sinpes.org.br\/site\/wp-json\/wp\/v2\/posts\/1075\/revisions\/1076"}],"wp:attachment":[{"href":"https:\/\/sinpes.org.br\/site\/wp-json\/wp\/v2\/media?parent=1075"}],"wp:term":[{"taxonomy":"category","embeddable":true,"href":"https:\/\/sinpes.org.br\/site\/wp-json\/wp\/v2\/categories?post=1075"},{"taxonomy":"post_tag","embeddable":true,"href":"https:\/\/sinpes.org.br\/site\/wp-json\/wp\/v2\/tags?post=1075"}],"curies":[{"name":"wp","href":"https:\/\/api.w.org\/{rel}","templated":true}]}}