{"id":1065,"date":"2017-02-22T20:05:54","date_gmt":"2017-02-22T23:05:54","guid":{"rendered":"http:\/\/sinpes.org.br\/site\/?p=1065"},"modified":"2017-02-22T20:05:54","modified_gmt":"2017-02-22T23:05:54","slug":"assembleia-spei","status":"publish","type":"post","link":"https:\/\/sinpes.org.br\/site\/assembleia-spei\/","title":{"rendered":"Assembleia SPEI"},"content":{"rendered":"<p style=\"text-align: justify;\">Exmos. Diretores da SPEI \u2013 Sociedade Paranaense de Ensino e Inform\u00e1tica:<\/p>\n<p style=\"text-align: justify;\">\n<p style=\"text-align: justify;\">Em assembleia geral realizada no dia 18.02.2017, os professores da Spei, pela unanimidade dos presentes, assim deliberaram:<\/p>\n<ol style=\"text-align: justify;\">\n<li>Delegar poderes para Diretoria do Sindicato negociar a forma de pagamento dos sal\u00e1rios atrasados, chamando aten\u00e7\u00e3o para o fato de que qualquer negocia\u00e7\u00e3o direta com os interessados \u00e9 nula de pleno direito;<\/li>\n<li>Submeter a minuta do que for negociado \u00e0 assembleia geral da categoria a ser realizada no dia 11.03.2017, que aprovar\u00e1 ou rejeitar\u00e1 o ajuste por vota\u00e7\u00e3o secreta;<\/li>\n<li>Manter a categoria mobilizada mediante indicativo de greve, cuja deflagra\u00e7\u00e3o ser\u00e1 discutida na assembleia a ser realizada no dia 11.03.2017 na hip\u00f3tese do n\u00e3o pagamento do sal\u00e1rio de fevereiro at\u00e9 o dia 06.03.2017 e de n\u00e3o haver sido conclu\u00edda negocia\u00e7\u00e3o para pagamento dos sal\u00e1rios atrasados;<\/li>\n<\/ol>\n<p style=\"text-align: justify;\">\n<p style=\"text-align: justify;\">O Sinpes \u00a0coloca-se \u00e0 inteira disposi\u00e7\u00e3o para negocia\u00e7\u00e3o coletiva que se faz necess\u00e1ria em caso de confirmar a inten\u00e7\u00e3o da regulariza\u00e7\u00e3o dos sal\u00e1rios atrasados.<\/p>\n<p style=\"text-align: justify;\">Sem mais, subscreve-se, consignando protestos de elevada considera\u00e7\u00e3o.<\/p>\n<p style=\"text-align: justify;\">\n<p style=\"text-align: justify;\">Curitiba, 21.02.2017.<\/p>\n<p style=\"text-align: justify;\">Valdyr Perrini<br \/>\nVice-Presidente<\/p>\n<!-- AddThis Advanced Settings generic via filter on the_content --><!-- AddThis Share Buttons generic via filter on the_content -->","protected":false},"excerpt":{"rendered":"<p>Exmos. Diretores da SPEI \u2013 Sociedade Paranaense de Ensino e Inform\u00e1tica: Em assembleia geral realizada no dia 18.02.2017, os professores da Spei, pela unanimidade dos presentes, assim deliberaram: Delegar poderes para Diretoria do Sindicato negociar a forma de pagamento dos sal\u00e1rios atrasados, chamando aten\u00e7\u00e3o para o fato de que qualquer negocia\u00e7\u00e3o direta com os interessados [&hellip;]<!-- AddThis Advanced Settings generic via filter on wp_trim_excerpt --><!-- AddThis Share Buttons generic via filter on wp_trim_excerpt --><\/p>\n","protected":false},"author":2,"featured_media":0,"comment_status":"closed","ping_status":"open","sticky":false,"template":"","format":"standard","meta":{"footnotes":""},"categories":[147],"tags":[148],"class_list":["post-1065","post","type-post","status-publish","format-standard","hentry","category-spei","tag-spei"],"_links":{"self":[{"href":"https:\/\/sinpes.org.br\/site\/wp-json\/wp\/v2\/posts\/1065","targetHints":{"allow":["GET"]}}],"collection":[{"href":"https:\/\/sinpes.org.br\/site\/wp-json\/wp\/v2\/posts"}],"about":[{"href":"https:\/\/sinpes.org.br\/site\/wp-json\/wp\/v2\/types\/post"}],"author":[{"embeddable":true,"href":"https:\/\/sinpes.org.br\/site\/wp-json\/wp\/v2\/users\/2"}],"replies":[{"embeddable":true,"href":"https:\/\/sinpes.org.br\/site\/wp-json\/wp\/v2\/comments?post=1065"}],"version-history":[{"count":1,"href":"https:\/\/sinpes.org.br\/site\/wp-json\/wp\/v2\/posts\/1065\/revisions"}],"predecessor-version":[{"id":1066,"href":"https:\/\/sinpes.org.br\/site\/wp-json\/wp\/v2\/posts\/1065\/revisions\/1066"}],"wp:attachment":[{"href":"https:\/\/sinpes.org.br\/site\/wp-json\/wp\/v2\/media?parent=1065"}],"wp:term":[{"taxonomy":"category","embeddable":true,"href":"https:\/\/sinpes.org.br\/site\/wp-json\/wp\/v2\/categories?post=1065"},{"taxonomy":"post_tag","embeddable":true,"href":"https:\/\/sinpes.org.br\/site\/wp-json\/wp\/v2\/tags?post=1065"}],"curies":[{"name":"wp","href":"https:\/\/api.w.org\/{rel}","templated":true}]}}