{"id":1056,"date":"2017-02-21T15:57:10","date_gmt":"2017-02-21T18:57:10","guid":{"rendered":"http:\/\/sinpes.org.br\/site\/?p=1056"},"modified":"2017-02-21T15:57:10","modified_gmt":"2017-02-21T18:57:10","slug":"atencao-professores-das-faculdades-camoes","status":"publish","type":"post","link":"https:\/\/sinpes.org.br\/site\/atencao-professores-das-faculdades-camoes\/","title":{"rendered":"Aten\u00e7\u00e3o, Professores das Faculdades Cam\u00f5es!"},"content":{"rendered":"<p style=\"text-align: justify;\"><strong>PROFESSORES DAS FACULDADES CAM\u00d5ES:<br \/>\n<\/strong><\/p>\n<p style=\"text-align: justify;\"><strong>Gra\u00e7as ao empenho do SINPES ao ajuizar a\u00e7\u00e3o trabalhista como substituto processual e manter caminh\u00e3o de som por uma semana na Rua Dr. Muricy mobilizando\u00a0 a categoria e sensibilizando a comunidade acad\u00eamica e \u00e0 disposi\u00e7\u00e3o de negocia\u00e7\u00e3o dos respons\u00e1veis pelas Faculdades Cam\u00f5es, o montante necess\u00e1rio para o pagamento dos sal\u00e1rios dos professores entre o m\u00eas de outubro de 2015 e junho de 2016 j\u00e1 se encontra \u00e0 disposi\u00e7\u00e3o da 23\u00aa Vara do Trabalho de Curitiba, remetidos dos autos da 5\u00aa Vara de Maring\u00e1 em que as Faculdades Cam\u00f5es eram r\u00e9us. <\/strong><\/p>\n<p style=\"text-align: justify;\"><strong>Em face desta situa\u00e7\u00e3o o SINPES est\u00e1 envidando esfor\u00e7os para o pagamento destes sal\u00e1rios com a m\u00e1xima urg\u00eancia poss\u00edvel.<\/strong><\/p>\n<p style=\"text-align: justify;\"><strong>Assim que o valor esteja liberado, os professores ser\u00e3o comunicados por e-mail e no s\u00edtio eletr\u00f4nico do Sinpes, a fim de que enviem o n\u00famero da conta corrente em que desejam que os valores sejam depositados cujo titular seja o pr\u00f3prio professor beneficiado ou pessoa por ele expressamente autorizada para receber os sal\u00e1rios devidos. <\/strong><\/p>\n<p style=\"text-align: justify;\"><strong>Atualize seu e-mail atrav\u00e9s do endere\u00e7o eletr\u00f4nico <a href=\"mailto:sinpes@sinpes.org\">sinpes@sinpes.org<\/a>. br e se mantenha-se atento \u00e0s not\u00edcias veiculadas no s\u00edtio eletr\u00f4nico do Sinpes.<\/strong><\/p>\n<p style=\"text-align: justify;\"><strong>Curitiba, 21\/02\/2017.<\/strong><\/p>\n<p style=\"text-align: justify;\"><strong>Diretoria do Sinpes<\/strong><\/p>\n<!-- AddThis Advanced Settings generic via filter on the_content --><!-- AddThis Share Buttons generic via filter on the_content -->","protected":false},"excerpt":{"rendered":"<p>PROFESSORES DAS FACULDADES CAM\u00d5ES: Gra\u00e7as ao empenho do SINPES ao ajuizar a\u00e7\u00e3o trabalhista como substituto processual e manter caminh\u00e3o de som por uma semana na Rua Dr. Muricy mobilizando\u00a0 a categoria e sensibilizando a comunidade acad\u00eamica e \u00e0 disposi\u00e7\u00e3o de negocia\u00e7\u00e3o dos respons\u00e1veis pelas Faculdades Cam\u00f5es, o montante necess\u00e1rio para o pagamento dos sal\u00e1rios dos [&hellip;]<!-- AddThis Advanced Settings generic via filter on wp_trim_excerpt --><!-- AddThis Share Buttons generic via filter on wp_trim_excerpt --><\/p>\n","protected":false},"author":2,"featured_media":0,"comment_status":"closed","ping_status":"open","sticky":false,"template":"","format":"standard","meta":{"footnotes":""},"categories":[120],"tags":[121],"class_list":["post-1056","post","type-post","status-publish","format-standard","hentry","category-camoes","tag-camoes"],"_links":{"self":[{"href":"https:\/\/sinpes.org.br\/site\/wp-json\/wp\/v2\/posts\/1056","targetHints":{"allow":["GET"]}}],"collection":[{"href":"https:\/\/sinpes.org.br\/site\/wp-json\/wp\/v2\/posts"}],"about":[{"href":"https:\/\/sinpes.org.br\/site\/wp-json\/wp\/v2\/types\/post"}],"author":[{"embeddable":true,"href":"https:\/\/sinpes.org.br\/site\/wp-json\/wp\/v2\/users\/2"}],"replies":[{"embeddable":true,"href":"https:\/\/sinpes.org.br\/site\/wp-json\/wp\/v2\/comments?post=1056"}],"version-history":[{"count":1,"href":"https:\/\/sinpes.org.br\/site\/wp-json\/wp\/v2\/posts\/1056\/revisions"}],"predecessor-version":[{"id":1057,"href":"https:\/\/sinpes.org.br\/site\/wp-json\/wp\/v2\/posts\/1056\/revisions\/1057"}],"wp:attachment":[{"href":"https:\/\/sinpes.org.br\/site\/wp-json\/wp\/v2\/media?parent=1056"}],"wp:term":[{"taxonomy":"category","embeddable":true,"href":"https:\/\/sinpes.org.br\/site\/wp-json\/wp\/v2\/categories?post=1056"},{"taxonomy":"post_tag","embeddable":true,"href":"https:\/\/sinpes.org.br\/site\/wp-json\/wp\/v2\/tags?post=1056"}],"curies":[{"name":"wp","href":"https:\/\/api.w.org\/{rel}","templated":true}]}}