{"id":1038,"date":"2017-02-10T17:54:15","date_gmt":"2017-02-10T19:54:15","guid":{"rendered":"http:\/\/sinpes.org.br\/site\/?p=1038"},"modified":"2017-02-10T17:59:20","modified_gmt":"2017-02-10T19:59:20","slug":"desdobramentos-do-acordo-entre-sinpes-e-camoes","status":"publish","type":"post","link":"https:\/\/sinpes.org.br\/site\/desdobramentos-do-acordo-entre-sinpes-e-camoes\/","title":{"rendered":"Desdobramentos do Acordo Entre Sinpes e Cam\u00f5es"},"content":{"rendered":"<p style=\"text-align: justify;\">\u00a0No ano de 2016, o Sinpes recebeu diversas den\u00fancias dos atrasos salariais que ocorriam no Instituto de Ensino Superior Cam\u00f5es e ap\u00f3s tentativas infrut\u00edferas de regularizar a situa\u00e7\u00e3o com a Institui\u00e7\u00e3o, pleiteou Liminar na Justi\u00e7a do Trabalho a fim de encontrar solu\u00e7\u00f5es para que os professores recebessem seus sal\u00e1rios.<\/p>\n<p style=\"text-align: justify;\">Simultaneamente \u00e0s providencias judiciais, o Sinpes mobilizou professores e alunos, mantendo caminh\u00e3o de som denunciando a situa\u00e7\u00e3o de pen\u00faria dos docentes. A press\u00e3o sensibilizou os respons\u00e1veis pela institui\u00e7\u00e3o de ensino e propiciou a celebra\u00e7\u00e3o de acordo voltado para garantir os sal\u00e1rios dos professores at\u00e9 fevereiro de 2017, mediante a transfer\u00eancia de valor bloqueado perante a 05\u00aa Vara C\u00edvel de Maring\u00e1 e penhora de valores obtidos mediante recompra de cr\u00e9ditos do FIES.<\/p>\n<p style=\"text-align: justify;\">A engenharia jur\u00eddica concebida pelo Sinpes e pelo advogado do Cam\u00f5es foi aprovada pelos docentes em assembleia. Sua viabiliza\u00e7\u00e3o dependia da homologa\u00e7\u00e3o do acordo por parte da Ju\u00edza do Trabalho da 23\u00aa Vara do Trabalho de Curitiba e da concord\u00e2ncia por parte do Juiz de Maring\u00e1 acerca da prioridade dos cr\u00e9ditos trabalhistas.<\/p>\n<p style=\"text-align: justify;\">Ainda em dezembro as partes conseguiram a homologa\u00e7\u00e3o da Justi\u00e7a do Trabalho, e em 07.02.2017 saiu decis\u00e3o do Juiz da 5\u00aa Vara C\u00edvel de Maring\u00e1, acolhendo a tese defendida pelo SINPES e pelo Cam\u00f5es naqueles autos, determinando a transfer\u00eancia dos valores depositados no Ju\u00edzo C\u00edvel para a Justi\u00e7a do Trabalho, bem como garantindo que os futuros cr\u00e9ditos oriundos de recompra do FIES sejam utilizados prioritariamente para o pagamento dos cr\u00e9ditos trabalhistas.<\/p>\n<p style=\"text-align: justify;\">Veja abaixo o teor acordo entabulado entre o Cam\u00f5es e o Sinpes, bem como as decis\u00f5es que o homologam na esfera trabalhista e que reconhece a prioridade do cr\u00e9dito trabalhista na Justi\u00e7a Comum.<\/p>\n<p style=\"text-align: justify;\">Da decis\u00e3o favor\u00e1vel aos professores ainda cabe recurso. O Sinpes est\u00e1 atuando de forma vigilante no sentido de viabilizar a transfer\u00eancia do numer\u00e1rio com urg\u00eancia para o bolso dos professores.<\/p>\n<hr \/>\n<p style=\"text-align: justify;\"><a class=\"fasc-button fasc-size-medium fasc-type-glossy fasc-rounded-medium fasc-ico-before dashicons-admin-links\" style=\"background-color: #33809e; color: #ffffff;\" href=\"http:\/\/sinpes.org.br\/site\/wp-content\/uploads\/2017\/02\/Acordo-Camoes-2017.pdf\" target=\"_blank\" data-fasc-style=\"background-color:#33809e;color:#ffffff;\">Acordo entre Sinpes e Cam\u00f5es<\/a><\/p>\n<p style=\"text-align: justify;\"><a class=\"fasc-button fasc-size-medium fasc-type-glossy fasc-rounded-medium fasc-ico-before dashicons-admin-links\" style=\"background-color: #33809e; color: #ffffff;\" href=\"http:\/\/sinpes.org.br\/site\/wp-content\/uploads\/2017\/02\/Certidoes-de-Retificacao-ao-Acordo-Camoes.pdf\" target=\"_blank\" data-fasc-style=\"background-color:#33809e;color:#ffffff;\">Certid\u00f5es de Retifica\u00e7\u00e3o do Acordo<\/a><\/p>\n<p style=\"text-align: justify;\"><a class=\"fasc-button fasc-size-medium fasc-type-glossy fasc-rounded-medium fasc-ico-before dashicons-admin-links\" style=\"background-color: #33809e; color: #ffffff;\" href=\"http:\/\/sinpes.org.br\/site\/wp-content\/uploads\/2017\/02\/Sentenca-de-Homologacao-do-Acordo-Camoes.pdf\" target=\"_blank\" data-fasc-style=\"background-color:#33809e;color:#ffffff;\">Senten\u00e7a de Homologa\u00e7\u00e3o do Acordo (23\u00aa Vara do Trabalho)<\/a><\/p>\n<p style=\"text-align: justify;\"><a class=\"fasc-button fasc-size-medium fasc-type-glossy fasc-rounded-medium fasc-ico-before dashicons-admin-links\" style=\"background-color: #33809e; color: #ffffff;\" href=\"http:\/\/sinpes.org.br\/site\/wp-content\/uploads\/2017\/02\/Decisao-da-05a-Vara-Civel-de-Maringa-Camoes.pdf\" target=\"_blank\" data-fasc-style=\"background-color:#33809e;color:#ffffff;\">Decis\u00e3o da 05\u00aa Vara C\u00edvel de Maring\u00e1<\/a><\/p>\n<p style=\"text-align: justify;\">\n<!-- AddThis Advanced Settings generic via filter on the_content --><!-- AddThis Share Buttons generic via filter on the_content -->","protected":false},"excerpt":{"rendered":"<p>\u00a0No ano de 2016, o Sinpes recebeu diversas den\u00fancias dos atrasos salariais que ocorriam no Instituto de Ensino Superior Cam\u00f5es e ap\u00f3s tentativas infrut\u00edferas de regularizar a situa\u00e7\u00e3o com a Institui\u00e7\u00e3o, pleiteou Liminar na Justi\u00e7a do Trabalho a fim de encontrar solu\u00e7\u00f5es para que os professores recebessem seus sal\u00e1rios. Simultaneamente \u00e0s providencias judiciais, o Sinpes [&hellip;]<!-- AddThis Advanced Settings generic via filter on wp_trim_excerpt --><!-- AddThis Share Buttons generic via filter on wp_trim_excerpt --><\/p>\n","protected":false},"author":2,"featured_media":0,"comment_status":"closed","ping_status":"open","sticky":false,"template":"","format":"standard","meta":{"footnotes":""},"categories":[120,5],"tags":[],"class_list":["post-1038","post","type-post","status-publish","format-standard","hentry","category-camoes","category-sinpes"],"_links":{"self":[{"href":"https:\/\/sinpes.org.br\/site\/wp-json\/wp\/v2\/posts\/1038","targetHints":{"allow":["GET"]}}],"collection":[{"href":"https:\/\/sinpes.org.br\/site\/wp-json\/wp\/v2\/posts"}],"about":[{"href":"https:\/\/sinpes.org.br\/site\/wp-json\/wp\/v2\/types\/post"}],"author":[{"embeddable":true,"href":"https:\/\/sinpes.org.br\/site\/wp-json\/wp\/v2\/users\/2"}],"replies":[{"embeddable":true,"href":"https:\/\/sinpes.org.br\/site\/wp-json\/wp\/v2\/comments?post=1038"}],"version-history":[{"count":2,"href":"https:\/\/sinpes.org.br\/site\/wp-json\/wp\/v2\/posts\/1038\/revisions"}],"predecessor-version":[{"id":1045,"href":"https:\/\/sinpes.org.br\/site\/wp-json\/wp\/v2\/posts\/1038\/revisions\/1045"}],"wp:attachment":[{"href":"https:\/\/sinpes.org.br\/site\/wp-json\/wp\/v2\/media?parent=1038"}],"wp:term":[{"taxonomy":"category","embeddable":true,"href":"https:\/\/sinpes.org.br\/site\/wp-json\/wp\/v2\/categories?post=1038"},{"taxonomy":"post_tag","embeddable":true,"href":"https:\/\/sinpes.org.br\/site\/wp-json\/wp\/v2\/tags?post=1038"}],"curies":[{"name":"wp","href":"https:\/\/api.w.org\/{rel}","templated":true}]}}